{"events":[{"id":16298,"global_id":"bibliovaud.ch?id=16298","global_id_lineage":["bibliovaud.ch?id=16298"],"author":"10","status":"publish","date":"2026-01-22 14:56:25","date_utc":"2026-01-22 13:56:25","modified":"2026-01-22 14:56:25","modified_utc":"2026-01-22 13:56:25","url":"https:\/\/bibliovaud.ch\/?tribe_events=bebe-a-la-page-31","rest_url":"https:\/\/bibliovaud.ch\/index.php?rest_route=\/tribe\/events\/v1\/events\/16298","title":"B\u00e9b\u00e9 \u00e0 la page","description":"Avec Flora Trivelli\nPour les enfants de 0 \u00e0 3 ans accompagn\u00e9\u2022e\u2022s d\u2019un\u2022e adulte\nNous vous invitons \u00e0 un voyage \u00e0 travers l\u2019imaginaire des livres piment\u00e9 de quelques escales en comptines et chansons. Un \u00e9veil au livre et \u00e0 la musique, mais aussi un moment de lien et de partage avec votre enfant, ainsi que de rencontre avec d\u2019autres familles.\nMusicienne et \u00e9ducatrice de l\u2019enfance, Flora Trivelli adore cr\u00e9er des ponts entre les familles et la musique.\nPlaces limit\u00e9es \u00e0 50 personnes. Par respect pour le public et l\u2019artiste, la porte de la salle sera ferm\u00e9e au moment o\u00f9 d\u00e9bute l\u2019animation, merci pour votre [...]<div class=\"post-theming-cleared\"> <\/div>","excerpt":"<div class=\"post-theming-cleared\"> <\/div>","slug":"bebe-a-la-page-31","image":{"url":"https:\/\/bibliovaud.ch\/wp-content\/uploads\/2026_Decembre_-Flora-1-ID-7087018.jpg","id":16299,"extension":"jpg","width":2500,"height":1668,"filesize":310068,"sizes":{"medium":{"width":300,"height":200,"mime-type":"image\/jpeg","filesize":8923,"url":"https:\/\/bibliovaud.ch\/wp-content\/uploads\/2026_Decembre_-Flora-1-ID-7087018-300x200.jpg"},"thumbnail":{"width":100,"height":100,"mime-type":"image\/jpeg","filesize":3241,"url":"https:\/\/bibliovaud.ch\/wp-content\/uploads\/2026_Decembre_-Flora-1-ID-7087018-100x100.jpg"},"medium_large":{"width":768,"height":512,"mime-type":"image\/jpeg","filesize":37382,"url":"https:\/\/bibliovaud.ch\/wp-content\/uploads\/2026_Decembre_-Flora-1-ID-7087018-768x512.jpg"},"post-theming-row-1":{"width":170,"height":170,"mime-type":"image\/jpeg","filesize":6617,"url":"https:\/\/bibliovaud.ch\/wp-content\/uploads\/2026_Decembre_-Flora-1-ID-7087018-170x170.jpg"},"1536x1536":{"width":1536,"height":1025,"mime-type":"image\/jpeg","filesize":120367,"url":"https:\/\/bibliovaud.ch\/wp-content\/uploads\/2026_Decembre_-Flora-1-ID-7087018-1536x1025.jpg"},"2048x2048":{"width":2048,"height":1366,"mime-type":"image\/jpeg","filesize":204068,"url":"https:\/\/bibliovaud.ch\/wp-content\/uploads\/2026_Decembre_-Flora-1-ID-7087018-2048x1366.jpg"},"post-thumbnail":{"width":1200,"height":801,"mime-type":"image\/jpeg","filesize":78253,"url":"https:\/\/bibliovaud.ch\/wp-content\/uploads\/2026_Decembre_-Flora-1-ID-7087018-1200x801.jpg"}}},"all_day":false,"start_date":"2026-05-02 09:00:00","start_date_details":{"year":"2026","month":"05","day":"02","hour":"09","minutes":"00","seconds":"00"},"end_date":"2026-05-02 09:45:00","end_date_details":{"year":"2026","month":"05","day":"02","hour":"09","minutes":"45","seconds":"00"},"utc_start_date":"2026-05-02 07:00:00","utc_start_date_details":{"year":"2026","month":"05","day":"02","hour":"07","minutes":"00","seconds":"00"},"utc_end_date":"2026-05-02 07:45:00","utc_end_date_details":{"year":"2026","month":"05","day":"02","hour":"07","minutes":"45","seconds":"00"},"timezone":"Europe\/Zurich","timezone_abbr":"CEST","cost":"Gratuit","cost_details":{"currency_symbol":"0","currency_code":"USD","currency_position":"prefix","values":["0"]},"website":"https:\/\/biblio.vevey.ch\/Default\/doc\/CALENDAR\/271\/bebe-a-la-page","show_map":false,"show_map_link":true,"hide_from_listings":false,"sticky":false,"featured":false,"categories":[{"name":"Atelier","slug":"atelier","term_group":0,"term_taxonomy_id":365,"taxonomy":"tribe_events_cat","description":"","parent":0,"count":243,"filter":"raw","id":364,"urls":{"self":"https:\/\/bibliovaud.ch\/index.php?rest_route=\/tribe\/events\/v1\/categories\/364","collection":"https:\/\/bibliovaud.ch\/index.php?rest_route=\/tribe\/events\/v1\/categories"}},{"name":"Lecture","slug":"lecture","term_group":0,"term_taxonomy_id":373,"taxonomy":"tribe_events_cat","description":"","parent":0,"count":171,"filter":"raw","id":372,"urls":{"self":"https:\/\/bibliovaud.ch\/index.php?rest_route=\/tribe\/events\/v1\/categories\/372","collection":"https:\/\/bibliovaud.ch\/index.php?rest_route=\/tribe\/events\/v1\/categories"}}],"tags":[],"venue":{"id":6679,"author":"10","status":"publish","date":"2018-12-11 14:31:09","date_utc":"2018-12-11 13:31:09","modified":"2018-12-11 14:31:09","modified_utc":"2018-12-11 13:31:09","url":"https:\/\/bibliovaud.ch\/?tribe_venue=bibliotheque-municipale-de-vevey","venue":"Biblioth\u00e8que municipale de Vevey","description":"<div class=\"post-theming-cleared\"> <\/div>","excerpt":"<div class=\"post-theming-cleared\"> <\/div>","slug":"bibliotheque-municipale-de-vevey","address":"Quai Perdonnet 33","city":"Vevey","country":"Suisse","zip":"1800","phone":"021 925 59 60","website":"http:\/\/biblio.vevey.ch","show_map":true,"show_map_link":true,"global_id":"bibliovaud.ch?id=6679","global_id_lineage":["bibliovaud.ch?id=6679"]},"organizer":[{"id":13349,"author":"10","status":"publish","date":"2021-01-12 16:01:29","date_utc":"2021-01-12 15:01:29","modified":"2021-01-12 16:01:29","modified_utc":"2021-01-12 15:01:29","url":"https:\/\/bibliovaud.ch\/?tribe_organizer=bibliotheque-municipale-de-vevey","organizer":"Biblioth\u00e8que municipale de Vevey","description":"<div class=\"post-theming-cleared\"> <\/div>","excerpt":"<div class=\"post-theming-cleared\"> <\/div>","slug":"bibliotheque-municipale-de-vevey","phone":"021 925 59 60","website":"biblio.vevey.ch","email":"biblio@vevey.ch","global_id":"bibliovaud.ch?id=13349","global_id_lineage":["bibliovaud.ch?id=13349"]}],"custom_fields":[]},{"id":16301,"global_id":"bibliovaud.ch?id=16301","global_id_lineage":["bibliovaud.ch?id=16301"],"author":"10","status":"publish","date":"2026-01-22 14:57:59","date_utc":"2026-01-22 13:57:59","modified":"2026-01-22 14:57:59","modified_utc":"2026-01-22 13:57:59","url":"https:\/\/bibliovaud.ch\/?tribe_events=zig-zag-35","rest_url":"https:\/\/bibliovaud.ch\/index.php?rest_route=\/tribe\/events\/v1\/events\/16301","title":"Zig Zag","description":"Avec Flora Trivelli\nPour les enfants de 4 \u00e0 6 ans accompagn\u00e9\u2022e\u2022s d\u2019un\u2022e adulte\nZig, venez en famille d\u00e9couvrir des histoires ! Zag, mais aussi des comptines \u00e0 chanter et \u00e0 mimer ensemble! Un \u00e9veil au livre et \u00e0 la musique. Un moment de lien et de partage avec votre enfant, ainsi que de rencontre avec d\u2019autres familles.\nMusicienne et \u00e9ducatrice de l\u2019enfance, Flora Trivelli adore cr\u00e9er des ponts entre les familles et la musique.\nPlaces limit\u00e9es \u00e0 50 personnes. Par respect pour le public et l\u2019artiste, la porte de la salle sera ferm\u00e9e au moment o\u00f9 d\u00e9bute l\u2019animation, merci pour votre compr\u00e9hension\n<div class=\"post-theming-cleared\"> <\/div>","excerpt":"<div class=\"post-theming-cleared\"> <\/div>","slug":"zig-zag-35","image":{"url":"https:\/\/bibliovaud.ch\/wp-content\/uploads\/2026_Decembre_-Flora-1-ID-7087018.jpg","id":16299,"extension":"jpg","width":2500,"height":1668,"filesize":310068,"sizes":{"medium":{"width":300,"height":200,"mime-type":"image\/jpeg","filesize":8923,"url":"https:\/\/bibliovaud.ch\/wp-content\/uploads\/2026_Decembre_-Flora-1-ID-7087018-300x200.jpg"},"thumbnail":{"width":100,"height":100,"mime-type":"image\/jpeg","filesize":3241,"url":"https:\/\/bibliovaud.ch\/wp-content\/uploads\/2026_Decembre_-Flora-1-ID-7087018-100x100.jpg"},"medium_large":{"width":768,"height":512,"mime-type":"image\/jpeg","filesize":37382,"url":"https:\/\/bibliovaud.ch\/wp-content\/uploads\/2026_Decembre_-Flora-1-ID-7087018-768x512.jpg"},"post-theming-row-1":{"width":170,"height":170,"mime-type":"image\/jpeg","filesize":6617,"url":"https:\/\/bibliovaud.ch\/wp-content\/uploads\/2026_Decembre_-Flora-1-ID-7087018-170x170.jpg"},"1536x1536":{"width":1536,"height":1025,"mime-type":"image\/jpeg","filesize":120367,"url":"https:\/\/bibliovaud.ch\/wp-content\/uploads\/2026_Decembre_-Flora-1-ID-7087018-1536x1025.jpg"},"2048x2048":{"width":2048,"height":1366,"mime-type":"image\/jpeg","filesize":204068,"url":"https:\/\/bibliovaud.ch\/wp-content\/uploads\/2026_Decembre_-Flora-1-ID-7087018-2048x1366.jpg"},"post-thumbnail":{"width":1200,"height":801,"mime-type":"image\/jpeg","filesize":78253,"url":"https:\/\/bibliovaud.ch\/wp-content\/uploads\/2026_Decembre_-Flora-1-ID-7087018-1200x801.jpg"}}},"all_day":false,"start_date":"2026-05-02 10:30:00","start_date_details":{"year":"2026","month":"05","day":"02","hour":"10","minutes":"30","seconds":"00"},"end_date":"2026-05-02 11:15:00","end_date_details":{"year":"2026","month":"05","day":"02","hour":"11","minutes":"15","seconds":"00"},"utc_start_date":"2026-05-02 08:30:00","utc_start_date_details":{"year":"2026","month":"05","day":"02","hour":"08","minutes":"30","seconds":"00"},"utc_end_date":"2026-05-02 09:15:00","utc_end_date_details":{"year":"2026","month":"05","day":"02","hour":"09","minutes":"15","seconds":"00"},"timezone":"Europe\/Zurich","timezone_abbr":"CEST","cost":"Gratuit","cost_details":{"currency_symbol":"0","currency_code":"USD","currency_position":"prefix","values":["0"]},"website":"https:\/\/biblio.vevey.ch\/Default\/doc\/CALENDAR\/287\/zig-zag","show_map":false,"show_map_link":true,"hide_from_listings":false,"sticky":false,"featured":false,"categories":[{"name":"Atelier","slug":"atelier","term_group":0,"term_taxonomy_id":365,"taxonomy":"tribe_events_cat","description":"","parent":0,"count":243,"filter":"raw","id":364,"urls":{"self":"https:\/\/bibliovaud.ch\/index.php?rest_route=\/tribe\/events\/v1\/categories\/364","collection":"https:\/\/bibliovaud.ch\/index.php?rest_route=\/tribe\/events\/v1\/categories"}},{"name":"Lecture","slug":"lecture","term_group":0,"term_taxonomy_id":373,"taxonomy":"tribe_events_cat","description":"","parent":0,"count":171,"filter":"raw","id":372,"urls":{"self":"https:\/\/bibliovaud.ch\/index.php?rest_route=\/tribe\/events\/v1\/categories\/372","collection":"https:\/\/bibliovaud.ch\/index.php?rest_route=\/tribe\/events\/v1\/categories"}}],"tags":[],"venue":{"id":6679,"author":"10","status":"publish","date":"2018-12-11 14:31:09","date_utc":"2018-12-11 13:31:09","modified":"2018-12-11 14:31:09","modified_utc":"2018-12-11 13:31:09","url":"https:\/\/bibliovaud.ch\/?tribe_venue=bibliotheque-municipale-de-vevey","venue":"Biblioth\u00e8que municipale de Vevey","description":"<div class=\"post-theming-cleared\"> <\/div>","excerpt":"<div class=\"post-theming-cleared\"> <\/div>","slug":"bibliotheque-municipale-de-vevey","address":"Quai Perdonnet 33","city":"Vevey","country":"Suisse","zip":"1800","phone":"021 925 59 60","website":"http:\/\/biblio.vevey.ch","show_map":true,"show_map_link":true,"global_id":"bibliovaud.ch?id=6679","global_id_lineage":["bibliovaud.ch?id=6679"]},"organizer":[{"id":13349,"author":"10","status":"publish","date":"2021-01-12 16:01:29","date_utc":"2021-01-12 15:01:29","modified":"2021-01-12 16:01:29","modified_utc":"2021-01-12 15:01:29","url":"https:\/\/bibliovaud.ch\/?tribe_organizer=bibliotheque-municipale-de-vevey","organizer":"Biblioth\u00e8que municipale de Vevey","description":"<div class=\"post-theming-cleared\"> <\/div>","excerpt":"<div class=\"post-theming-cleared\"> <\/div>","slug":"bibliotheque-municipale-de-vevey","phone":"021 925 59 60","website":"biblio.vevey.ch","email":"biblio@vevey.ch","global_id":"bibliovaud.ch?id=13349","global_id_lineage":["bibliovaud.ch?id=13349"]}],"custom_fields":[]},{"id":16303,"global_id":"bibliovaud.ch?id=16303","global_id_lineage":["bibliovaud.ch?id=16303"],"author":"10","status":"publish","date":"2026-01-22 15:00:53","date_utc":"2026-01-22 14:00:53","modified":"2026-01-22 15:00:53","modified_utc":"2026-01-22 14:00:53","url":"https:\/\/bibliovaud.ch\/?tribe_events=la-biblio-dans-ton-quartier-6","rest_url":"https:\/\/bibliovaud.ch\/index.php?rest_route=\/tribe\/events\/v1\/events\/16303","title":"La Biblio dans ton quartier !","description":"Rendez-vous \u00e0 l&#8217;Association La Byronne\nPour les familles avec des enfants de 0 \u00e0 14 ans\nLa Biblio d\u00e9barque dans votre quartier ! Le Service de la coh\u00e9sion sociale de la Ville de Vevey, la Biblioth\u00e8que et l&#8217;association Bain de livres s&#8217;unissent pour vous proposer une grande tourn\u00e9e de livres veveysanne.\nUn bus rempli de 1000 livres en 80 langues quasi en bas de chez vous ! 25 dates dont 18 ouvertes au public \u00e0 ne pas manquer situ\u00e9es dans les 4 points cardinaux de Vevey, bienvenue \u00e0 toutes et tous !\nAvec la collaboration du Service de la coh\u00e9sion sociale de la Ville [...]<div class=\"post-theming-cleared\"> <\/div>","excerpt":"<div class=\"post-theming-cleared\"> <\/div>","slug":"la-biblio-dans-ton-quartier-6","image":{"url":"https:\/\/bibliovaud.ch\/wp-content\/uploads\/BiblioVevey-programme-2026-V032.png","id":16259,"extension":"png","width":1748,"height":2480,"filesize":30048,"sizes":{"medium":{"width":211,"height":300,"mime-type":"image\/png","filesize":7317,"url":"https:\/\/bibliovaud.ch\/wp-content\/uploads\/BiblioVevey-programme-2026-V032-211x300.png"},"thumbnail":{"width":100,"height":100,"mime-type":"image\/png","filesize":3311,"url":"https:\/\/bibliovaud.ch\/wp-content\/uploads\/BiblioVevey-programme-2026-V032-100x100.png"},"medium_large":{"width":768,"height":1090,"mime-type":"image\/png","filesize":28223,"url":"https:\/\/bibliovaud.ch\/wp-content\/uploads\/BiblioVevey-programme-2026-V032-768x1090.png"},"post-theming-row-1":{"width":170,"height":170,"mime-type":"image\/png","filesize":5598,"url":"https:\/\/bibliovaud.ch\/wp-content\/uploads\/BiblioVevey-programme-2026-V032-170x170.png"},"1536x1536":{"width":1083,"height":1536,"mime-type":"image\/png","filesize":41450,"url":"https:\/\/bibliovaud.ch\/wp-content\/uploads\/BiblioVevey-programme-2026-V032-1083x1536.png"},"2048x2048":{"width":1444,"height":2048,"mime-type":"image\/png","filesize":56145,"url":"https:\/\/bibliovaud.ch\/wp-content\/uploads\/BiblioVevey-programme-2026-V032-1444x2048.png"},"post-thumbnail":{"width":1200,"height":1703,"mime-type":"image\/png","filesize":46148,"url":"https:\/\/bibliovaud.ch\/wp-content\/uploads\/BiblioVevey-programme-2026-V032-1200x1703.png"}}},"all_day":false,"start_date":"2026-05-06 16:00:00","start_date_details":{"year":"2026","month":"05","day":"06","hour":"16","minutes":"00","seconds":"00"},"end_date":"2026-05-06 19:00:00","end_date_details":{"year":"2026","month":"05","day":"06","hour":"19","minutes":"00","seconds":"00"},"utc_start_date":"2026-05-06 14:00:00","utc_start_date_details":{"year":"2026","month":"05","day":"06","hour":"14","minutes":"00","seconds":"00"},"utc_end_date":"2026-05-06 17:00:00","utc_end_date_details":{"year":"2026","month":"05","day":"06","hour":"17","minutes":"00","seconds":"00"},"timezone":"Europe\/Zurich","timezone_abbr":"CEST","cost":"Gratuit","cost_details":{"currency_symbol":"0","currency_code":"USD","currency_position":"prefix","values":["0"]},"website":"https:\/\/biblio.vevey.ch\/Default\/doc\/CALENDAR\/352\/la-biblio-dans-ton-quartier","show_map":false,"show_map_link":true,"hide_from_listings":false,"sticky":false,"featured":false,"categories":[{"name":"Lecture","slug":"lecture","term_group":0,"term_taxonomy_id":373,"taxonomy":"tribe_events_cat","description":"","parent":0,"count":171,"filter":"raw","id":372,"urls":{"self":"https:\/\/bibliovaud.ch\/index.php?rest_route=\/tribe\/events\/v1\/categories\/372","collection":"https:\/\/bibliovaud.ch\/index.php?rest_route=\/tribe\/events\/v1\/categories"}}],"tags":[],"venue":{"id":16304,"author":"10","status":"publish","date":"2026-01-22 15:00:44","date_utc":"0000-00-00 00:00:00","modified":"2026-01-22 15:00:44","modified_utc":"0000-00-00 00:00:00","url":"https:\/\/bibliovaud.ch\/?tribe_venue=association-la-byronne","venue":"Association La Byronne","description":"<div class=\"post-theming-cleared\"> <\/div>","excerpt":"<div class=\"post-theming-cleared\"> <\/div>","slug":"association-la-byronne","address":"Rue de la Byronne 7","city":"Vevey","country":"Switzerland","zip":"1800","show_map":true,"show_map_link":true,"global_id":"bibliovaud.ch?id=16304","global_id_lineage":["bibliovaud.ch?id=16304"]},"organizer":[{"id":13349,"author":"10","status":"publish","date":"2021-01-12 16:01:29","date_utc":"2021-01-12 15:01:29","modified":"2021-01-12 16:01:29","modified_utc":"2021-01-12 15:01:29","url":"https:\/\/bibliovaud.ch\/?tribe_organizer=bibliotheque-municipale-de-vevey","organizer":"Biblioth\u00e8que municipale de Vevey","description":"<div class=\"post-theming-cleared\"> <\/div>","excerpt":"<div class=\"post-theming-cleared\"> <\/div>","slug":"bibliotheque-municipale-de-vevey","phone":"021 925 59 60","website":"biblio.vevey.ch","email":"biblio@vevey.ch","global_id":"bibliovaud.ch?id=13349","global_id_lineage":["bibliovaud.ch?id=13349"]}],"custom_fields":[]},{"id":16309,"global_id":"bibliovaud.ch?id=16309","global_id_lineage":["bibliovaud.ch?id=16309"],"author":"10","status":"publish","date":"2026-01-22 15:17:16","date_utc":"2026-01-22 14:17:16","modified":"2026-01-22 15:17:16","modified_utc":"2026-01-22 14:17:16","url":"https:\/\/bibliovaud.ch\/?tribe_events=la-biblio-dans-ton-quartier-7","rest_url":"https:\/\/bibliovaud.ch\/index.php?rest_route=\/tribe\/events\/v1\/events\/16309","title":"La Biblio dans ton quartier !","description":"Rendez-vous \u00e0 Trempolin, Espace Bel-Air, Place Robin\nPour les familles avec des enfants de 0 \u00e0 14 ans\nLa Biblio d\u00e9barque dans votre quartier ! Le Service de la coh\u00e9sion sociale de la Ville de Vevey, la Biblioth\u00e8que et l&#8217;association Bain de livres s&#8217;unissent pour vous proposer une grande tourn\u00e9e de livres veveysanne.\nUn bus rempli de 1000 livres en 80 langues quasi en bas de chez vous ! 25 dates dont 18 ouvertes au public \u00e0 ne pas manquer situ\u00e9es dans les 4 points cardinaux de Vevey, bienvenue \u00e0 toutes et tous !\nAvec la collaboration du Service de la coh\u00e9sion sociale de [...]<div class=\"post-theming-cleared\"> <\/div>","excerpt":"<div class=\"post-theming-cleared\"> <\/div>","slug":"la-biblio-dans-ton-quartier-7","image":{"url":"https:\/\/bibliovaud.ch\/wp-content\/uploads\/BiblioVevey-programme-2026-V032.png","id":16259,"extension":"png","width":1748,"height":2480,"filesize":30048,"sizes":{"medium":{"width":211,"height":300,"mime-type":"image\/png","filesize":7317,"url":"https:\/\/bibliovaud.ch\/wp-content\/uploads\/BiblioVevey-programme-2026-V032-211x300.png"},"thumbnail":{"width":100,"height":100,"mime-type":"image\/png","filesize":3311,"url":"https:\/\/bibliovaud.ch\/wp-content\/uploads\/BiblioVevey-programme-2026-V032-100x100.png"},"medium_large":{"width":768,"height":1090,"mime-type":"image\/png","filesize":28223,"url":"https:\/\/bibliovaud.ch\/wp-content\/uploads\/BiblioVevey-programme-2026-V032-768x1090.png"},"post-theming-row-1":{"width":170,"height":170,"mime-type":"image\/png","filesize":5598,"url":"https:\/\/bibliovaud.ch\/wp-content\/uploads\/BiblioVevey-programme-2026-V032-170x170.png"},"1536x1536":{"width":1083,"height":1536,"mime-type":"image\/png","filesize":41450,"url":"https:\/\/bibliovaud.ch\/wp-content\/uploads\/BiblioVevey-programme-2026-V032-1083x1536.png"},"2048x2048":{"width":1444,"height":2048,"mime-type":"image\/png","filesize":56145,"url":"https:\/\/bibliovaud.ch\/wp-content\/uploads\/BiblioVevey-programme-2026-V032-1444x2048.png"},"post-thumbnail":{"width":1200,"height":1703,"mime-type":"image\/png","filesize":46148,"url":"https:\/\/bibliovaud.ch\/wp-content\/uploads\/BiblioVevey-programme-2026-V032-1200x1703.png"}}},"all_day":false,"start_date":"2026-05-12 16:15:00","start_date_details":{"year":"2026","month":"05","day":"12","hour":"16","minutes":"15","seconds":"00"},"end_date":"2026-05-12 17:45:00","end_date_details":{"year":"2026","month":"05","day":"12","hour":"17","minutes":"45","seconds":"00"},"utc_start_date":"2026-05-12 14:15:00","utc_start_date_details":{"year":"2026","month":"05","day":"12","hour":"14","minutes":"15","seconds":"00"},"utc_end_date":"2026-05-12 15:45:00","utc_end_date_details":{"year":"2026","month":"05","day":"12","hour":"15","minutes":"45","seconds":"00"},"timezone":"Europe\/Zurich","timezone_abbr":"CEST","cost":"Gratuit","cost_details":{"currency_symbol":"0","currency_code":"USD","currency_position":"prefix","values":["0"]},"website":"https:\/\/biblio.vevey.ch\/Default\/doc\/CALENDAR\/353\/la-biblio-dans-ton-quartier","show_map":false,"show_map_link":true,"hide_from_listings":false,"sticky":false,"featured":false,"categories":[{"name":"Lecture","slug":"lecture","term_group":0,"term_taxonomy_id":373,"taxonomy":"tribe_events_cat","description":"","parent":0,"count":171,"filter":"raw","id":372,"urls":{"self":"https:\/\/bibliovaud.ch\/index.php?rest_route=\/tribe\/events\/v1\/categories\/372","collection":"https:\/\/bibliovaud.ch\/index.php?rest_route=\/tribe\/events\/v1\/categories"}}],"tags":[],"venue":{"id":16193,"author":"10","status":"publish","date":"2025-12-03 10:28:20","date_utc":"2025-12-03 09:28:20","modified":"2025-12-03 10:28:20","modified_utc":"2025-12-03 09:28:20","url":"https:\/\/bibliovaud.ch\/?tribe_venue=trempolin-espace-bel-air","venue":"Trempolin, Espace Bel-Air","description":"<div class=\"post-theming-cleared\"> <\/div>","excerpt":"<div class=\"post-theming-cleared\"> <\/div>","slug":"trempolin-espace-bel-air","address":"Rue du Nord 12","city":"Vevey","country":"Switzerland","zip":"1800","website":"https:\/\/trempolin.ch\/","show_map":true,"show_map_link":true,"global_id":"bibliovaud.ch?id=16193","global_id_lineage":["bibliovaud.ch?id=16193"]},"organizer":[{"id":13349,"author":"10","status":"publish","date":"2021-01-12 16:01:29","date_utc":"2021-01-12 15:01:29","modified":"2021-01-12 16:01:29","modified_utc":"2021-01-12 15:01:29","url":"https:\/\/bibliovaud.ch\/?tribe_organizer=bibliotheque-municipale-de-vevey","organizer":"Biblioth\u00e8que municipale de Vevey","description":"<div class=\"post-theming-cleared\"> <\/div>","excerpt":"<div class=\"post-theming-cleared\"> <\/div>","slug":"bibliotheque-municipale-de-vevey","phone":"021 925 59 60","website":"biblio.vevey.ch","email":"biblio@vevey.ch","global_id":"bibliovaud.ch?id=13349","global_id_lineage":["bibliovaud.ch?id=13349"]}],"custom_fields":[]},{"id":16321,"global_id":"bibliovaud.ch?id=16321","global_id_lineage":["bibliovaud.ch?id=16321"],"author":"10","status":"publish","date":"2026-01-22 15:25:50","date_utc":"2026-01-22 14:25:50","modified":"2026-01-22 16:06:13","modified_utc":"2026-01-22 15:06:13","url":"https:\/\/bibliovaud.ch\/?tribe_events=la-biblio-dans-ton-quartier-8","rest_url":"https:\/\/bibliovaud.ch\/index.php?rest_route=\/tribe\/events\/v1\/events\/16321","title":"La Biblio dans ton quartier !","description":"Rendez-vous \u00e0 la Villa M\u00e9tisse\nPour les familles avec des enfants de 0 \u00e0 14 ans\nLa Biblio d\u00e9barque dans votre quartier ! Le Service de la coh\u00e9sion sociale de la Ville de Vevey, la Biblioth\u00e8que et l&#8217;association Bain de livres s&#8217;unissent pour vous proposer une grande tourn\u00e9e de livres veveysanne.\nUn bus rempli de 1000 livres en 80 langues quasi en bas de chez vous ! 25 dates dont 18 ouvertes au public \u00e0 ne pas manquer situ\u00e9es dans les 4 points cardinaux de Vevey, bienvenue \u00e0 toutes et tous !\nAvec la collaboration du Service de la coh\u00e9sion sociale de la Ville [...]<div class=\"post-theming-cleared\"> <\/div>","excerpt":"<div class=\"post-theming-cleared\"> <\/div>","slug":"la-biblio-dans-ton-quartier-8","image":{"url":"https:\/\/bibliovaud.ch\/wp-content\/uploads\/BiblioVevey-programme-2026-V032.png","id":16259,"extension":"png","width":1748,"height":2480,"filesize":30048,"sizes":{"medium":{"width":211,"height":300,"mime-type":"image\/png","filesize":7317,"url":"https:\/\/bibliovaud.ch\/wp-content\/uploads\/BiblioVevey-programme-2026-V032-211x300.png"},"thumbnail":{"width":100,"height":100,"mime-type":"image\/png","filesize":3311,"url":"https:\/\/bibliovaud.ch\/wp-content\/uploads\/BiblioVevey-programme-2026-V032-100x100.png"},"medium_large":{"width":768,"height":1090,"mime-type":"image\/png","filesize":28223,"url":"https:\/\/bibliovaud.ch\/wp-content\/uploads\/BiblioVevey-programme-2026-V032-768x1090.png"},"post-theming-row-1":{"width":170,"height":170,"mime-type":"image\/png","filesize":5598,"url":"https:\/\/bibliovaud.ch\/wp-content\/uploads\/BiblioVevey-programme-2026-V032-170x170.png"},"1536x1536":{"width":1083,"height":1536,"mime-type":"image\/png","filesize":41450,"url":"https:\/\/bibliovaud.ch\/wp-content\/uploads\/BiblioVevey-programme-2026-V032-1083x1536.png"},"2048x2048":{"width":1444,"height":2048,"mime-type":"image\/png","filesize":56145,"url":"https:\/\/bibliovaud.ch\/wp-content\/uploads\/BiblioVevey-programme-2026-V032-1444x2048.png"},"post-thumbnail":{"width":1200,"height":1703,"mime-type":"image\/png","filesize":46148,"url":"https:\/\/bibliovaud.ch\/wp-content\/uploads\/BiblioVevey-programme-2026-V032-1200x1703.png"}}},"all_day":false,"start_date":"2026-05-27 14:00:00","start_date_details":{"year":"2026","month":"05","day":"27","hour":"14","minutes":"00","seconds":"00"},"end_date":"2026-05-27 16:00:00","end_date_details":{"year":"2026","month":"05","day":"27","hour":"16","minutes":"00","seconds":"00"},"utc_start_date":"2026-05-27 12:00:00","utc_start_date_details":{"year":"2026","month":"05","day":"27","hour":"12","minutes":"00","seconds":"00"},"utc_end_date":"2026-05-27 14:00:00","utc_end_date_details":{"year":"2026","month":"05","day":"27","hour":"14","minutes":"00","seconds":"00"},"timezone":"Europe\/Zurich","timezone_abbr":"CEST","cost":"Gratuit","cost_details":{"currency_symbol":"","currency_code":"USD","currency_position":"prefix","values":["0"]},"website":"https:\/\/biblio.vevey.ch\/Default\/doc\/CALENDAR\/354\/la-biblio-dans-ton-quartier","show_map":false,"show_map_link":true,"hide_from_listings":false,"sticky":false,"featured":false,"categories":[{"name":"Lecture","slug":"lecture","term_group":0,"term_taxonomy_id":373,"taxonomy":"tribe_events_cat","description":"","parent":0,"count":171,"filter":"raw","id":372,"urls":{"self":"https:\/\/bibliovaud.ch\/index.php?rest_route=\/tribe\/events\/v1\/categories\/372","collection":"https:\/\/bibliovaud.ch\/index.php?rest_route=\/tribe\/events\/v1\/categories"}}],"tags":[],"venue":{"id":9764,"author":"10","status":"publish","date":"2019-12-19 14:15:13","date_utc":"2019-12-19 13:15:13","modified":"2019-12-19 14:15:13","modified_utc":"2019-12-19 13:15:13","url":"https:\/\/bibliovaud.ch\/?tribe_venue=villa-metisse","venue":"Villa M\u00e9tisse","description":"<div class=\"post-theming-cleared\"> <\/div>","excerpt":"<div class=\"post-theming-cleared\"> <\/div>","slug":"villa-metisse","address":"Rue de l'Union 24","city":"Vevey","country":"Suisse","province":"Vaud","zip":"1800","phone":"079 961 95 54","website":"http:\/\/www.vevey.ch\/N8289\/maison-de-quartier-villa-metisse.html#A6","stateprovince":"Vaud","show_map":true,"show_map_link":true,"global_id":"bibliovaud.ch?id=9764","global_id_lineage":["bibliovaud.ch?id=9764"]},"organizer":[{"id":13349,"author":"10","status":"publish","date":"2021-01-12 16:01:29","date_utc":"2021-01-12 15:01:29","modified":"2021-01-12 16:01:29","modified_utc":"2021-01-12 15:01:29","url":"https:\/\/bibliovaud.ch\/?tribe_organizer=bibliotheque-municipale-de-vevey","organizer":"Biblioth\u00e8que municipale de Vevey","description":"<div class=\"post-theming-cleared\"> <\/div>","excerpt":"<div class=\"post-theming-cleared\"> <\/div>","slug":"bibliotheque-municipale-de-vevey","phone":"021 925 59 60","website":"biblio.vevey.ch","email":"biblio@vevey.ch","global_id":"bibliovaud.ch?id=13349","global_id_lineage":["bibliovaud.ch?id=13349"]}],"custom_fields":[]},{"id":16332,"global_id":"bibliovaud.ch?id=16332","global_id_lineage":["bibliovaud.ch?id=16332"],"author":"10","status":"publish","date":"2026-01-22 15:47:10","date_utc":"2026-01-22 14:47:10","modified":"2026-01-22 15:47:10","modified_utc":"2026-01-22 14:47:10","url":"https:\/\/bibliovaud.ch\/?tribe_events=bebe-a-la-page-32","rest_url":"https:\/\/bibliovaud.ch\/index.php?rest_route=\/tribe\/events\/v1\/events\/16332","title":"B\u00e9b\u00e9 \u00e0 la page","description":"Avec Flora Trivelli\nPour les enfants de 0 \u00e0 3 ans accompagn\u00e9\u2022e\u2022s d\u2019un\u2022e adulte\nNous vous invitons \u00e0 un voyage \u00e0 travers l\u2019imaginaire des livres piment\u00e9 de quelques escales en comptines et chansons. Un \u00e9veil au livre et \u00e0 la musique, mais aussi un moment de lien et de partage avec votre enfant, ainsi que de rencontre avec d\u2019autres familles.\nMusicienne et \u00e9ducatrice de l\u2019enfance, Flora Trivelli adore cr\u00e9er des ponts entre les familles et la musique.\nPlaces limit\u00e9es \u00e0 50 personnes. Par respect pour le public et l\u2019artiste, la porte de la salle sera ferm\u00e9e au moment o\u00f9 d\u00e9bute l\u2019animation, merci pour votre [...]<div class=\"post-theming-cleared\"> <\/div>","excerpt":"<div class=\"post-theming-cleared\"> <\/div>","slug":"bebe-a-la-page-32","image":{"url":"https:\/\/bibliovaud.ch\/wp-content\/uploads\/2026_Decembre_-Flora-1-ID-7087018.jpg","id":16299,"extension":"jpg","width":2500,"height":1668,"filesize":310068,"sizes":{"medium":{"width":300,"height":200,"mime-type":"image\/jpeg","filesize":8923,"url":"https:\/\/bibliovaud.ch\/wp-content\/uploads\/2026_Decembre_-Flora-1-ID-7087018-300x200.jpg"},"thumbnail":{"width":100,"height":100,"mime-type":"image\/jpeg","filesize":3241,"url":"https:\/\/bibliovaud.ch\/wp-content\/uploads\/2026_Decembre_-Flora-1-ID-7087018-100x100.jpg"},"medium_large":{"width":768,"height":512,"mime-type":"image\/jpeg","filesize":37382,"url":"https:\/\/bibliovaud.ch\/wp-content\/uploads\/2026_Decembre_-Flora-1-ID-7087018-768x512.jpg"},"post-theming-row-1":{"width":170,"height":170,"mime-type":"image\/jpeg","filesize":6617,"url":"https:\/\/bibliovaud.ch\/wp-content\/uploads\/2026_Decembre_-Flora-1-ID-7087018-170x170.jpg"},"1536x1536":{"width":1536,"height":1025,"mime-type":"image\/jpeg","filesize":120367,"url":"https:\/\/bibliovaud.ch\/wp-content\/uploads\/2026_Decembre_-Flora-1-ID-7087018-1536x1025.jpg"},"2048x2048":{"width":2048,"height":1366,"mime-type":"image\/jpeg","filesize":204068,"url":"https:\/\/bibliovaud.ch\/wp-content\/uploads\/2026_Decembre_-Flora-1-ID-7087018-2048x1366.jpg"},"post-thumbnail":{"width":1200,"height":801,"mime-type":"image\/jpeg","filesize":78253,"url":"https:\/\/bibliovaud.ch\/wp-content\/uploads\/2026_Decembre_-Flora-1-ID-7087018-1200x801.jpg"}}},"all_day":false,"start_date":"2026-06-06 09:00:00","start_date_details":{"year":"2026","month":"06","day":"06","hour":"09","minutes":"00","seconds":"00"},"end_date":"2026-06-06 09:45:00","end_date_details":{"year":"2026","month":"06","day":"06","hour":"09","minutes":"45","seconds":"00"},"utc_start_date":"2026-06-06 07:00:00","utc_start_date_details":{"year":"2026","month":"06","day":"06","hour":"07","minutes":"00","seconds":"00"},"utc_end_date":"2026-06-06 07:45:00","utc_end_date_details":{"year":"2026","month":"06","day":"06","hour":"07","minutes":"45","seconds":"00"},"timezone":"Europe\/Zurich","timezone_abbr":"CEST","cost":"Gratuit","cost_details":{"currency_symbol":"0","currency_code":"USD","currency_position":"prefix","values":["0"]},"website":"https:\/\/biblio.vevey.ch\/Default\/doc\/CALENDAR\/295\/bebe-a-la-page","show_map":false,"show_map_link":true,"hide_from_listings":false,"sticky":false,"featured":false,"categories":[{"name":"Lecture","slug":"lecture","term_group":0,"term_taxonomy_id":373,"taxonomy":"tribe_events_cat","description":"","parent":0,"count":171,"filter":"raw","id":372,"urls":{"self":"https:\/\/bibliovaud.ch\/index.php?rest_route=\/tribe\/events\/v1\/categories\/372","collection":"https:\/\/bibliovaud.ch\/index.php?rest_route=\/tribe\/events\/v1\/categories"}},{"name":"Rencontre","slug":"rencontre","term_group":0,"term_taxonomy_id":521,"taxonomy":"tribe_events_cat","description":"","parent":0,"count":21,"filter":"raw","id":520,"urls":{"self":"https:\/\/bibliovaud.ch\/index.php?rest_route=\/tribe\/events\/v1\/categories\/520","collection":"https:\/\/bibliovaud.ch\/index.php?rest_route=\/tribe\/events\/v1\/categories"}}],"tags":[],"venue":{"id":6679,"author":"10","status":"publish","date":"2018-12-11 14:31:09","date_utc":"2018-12-11 13:31:09","modified":"2018-12-11 14:31:09","modified_utc":"2018-12-11 13:31:09","url":"https:\/\/bibliovaud.ch\/?tribe_venue=bibliotheque-municipale-de-vevey","venue":"Biblioth\u00e8que municipale de Vevey","description":"<div class=\"post-theming-cleared\"> <\/div>","excerpt":"<div class=\"post-theming-cleared\"> <\/div>","slug":"bibliotheque-municipale-de-vevey","address":"Quai Perdonnet 33","city":"Vevey","country":"Suisse","zip":"1800","phone":"021 925 59 60","website":"http:\/\/biblio.vevey.ch","show_map":true,"show_map_link":true,"global_id":"bibliovaud.ch?id=6679","global_id_lineage":["bibliovaud.ch?id=6679"]},"organizer":[{"id":13349,"author":"10","status":"publish","date":"2021-01-12 16:01:29","date_utc":"2021-01-12 15:01:29","modified":"2021-01-12 16:01:29","modified_utc":"2021-01-12 15:01:29","url":"https:\/\/bibliovaud.ch\/?tribe_organizer=bibliotheque-municipale-de-vevey","organizer":"Biblioth\u00e8que municipale de Vevey","description":"<div class=\"post-theming-cleared\"> <\/div>","excerpt":"<div class=\"post-theming-cleared\"> <\/div>","slug":"bibliotheque-municipale-de-vevey","phone":"021 925 59 60","website":"biblio.vevey.ch","email":"biblio@vevey.ch","global_id":"bibliovaud.ch?id=13349","global_id_lineage":["bibliovaud.ch?id=13349"]}],"custom_fields":[]},{"id":16334,"global_id":"bibliovaud.ch?id=16334","global_id_lineage":["bibliovaud.ch?id=16334"],"author":"10","status":"publish","date":"2026-01-22 15:48:20","date_utc":"2026-01-22 14:48:20","modified":"2026-01-22 15:48:20","modified_utc":"2026-01-22 14:48:20","url":"https:\/\/bibliovaud.ch\/?tribe_events=zig-zag-36","rest_url":"https:\/\/bibliovaud.ch\/index.php?rest_route=\/tribe\/events\/v1\/events\/16334","title":"Zig Zag","description":"Avec Flora Trivelli\nPour les enfants de 4 \u00e0 6 ans accompagn\u00e9\u2022e\u2022s d\u2019un\u2022e adulte\nZig, venez en famille d\u00e9couvrir des histoires ! Zag, mais aussi des comptines \u00e0 chanter et \u00e0 mimer ensemble! Un \u00e9veil au livre et \u00e0 la musique. Un moment de lien et de partage avec votre enfant, ainsi que de rencontre avec d\u2019autres familles.\nMusicienne et \u00e9ducatrice de l\u2019enfance, Flora Trivelli adore cr\u00e9er des ponts entre les familles et la musique.\nPlaces limit\u00e9es \u00e0 50 personnes. Par respect pour le public et l\u2019artiste, la porte de la salle sera ferm\u00e9e au moment o\u00f9 d\u00e9bute l\u2019animation, merci pour votre compr\u00e9hension.\n<div class=\"post-theming-cleared\"> <\/div>","excerpt":"<div class=\"post-theming-cleared\"> <\/div>","slug":"zig-zag-36","image":{"url":"https:\/\/bibliovaud.ch\/wp-content\/uploads\/2026_Decembre_-Flora-1-ID-7087018.jpg","id":16299,"extension":"jpg","width":2500,"height":1668,"filesize":310068,"sizes":{"medium":{"width":300,"height":200,"mime-type":"image\/jpeg","filesize":8923,"url":"https:\/\/bibliovaud.ch\/wp-content\/uploads\/2026_Decembre_-Flora-1-ID-7087018-300x200.jpg"},"thumbnail":{"width":100,"height":100,"mime-type":"image\/jpeg","filesize":3241,"url":"https:\/\/bibliovaud.ch\/wp-content\/uploads\/2026_Decembre_-Flora-1-ID-7087018-100x100.jpg"},"medium_large":{"width":768,"height":512,"mime-type":"image\/jpeg","filesize":37382,"url":"https:\/\/bibliovaud.ch\/wp-content\/uploads\/2026_Decembre_-Flora-1-ID-7087018-768x512.jpg"},"post-theming-row-1":{"width":170,"height":170,"mime-type":"image\/jpeg","filesize":6617,"url":"https:\/\/bibliovaud.ch\/wp-content\/uploads\/2026_Decembre_-Flora-1-ID-7087018-170x170.jpg"},"1536x1536":{"width":1536,"height":1025,"mime-type":"image\/jpeg","filesize":120367,"url":"https:\/\/bibliovaud.ch\/wp-content\/uploads\/2026_Decembre_-Flora-1-ID-7087018-1536x1025.jpg"},"2048x2048":{"width":2048,"height":1366,"mime-type":"image\/jpeg","filesize":204068,"url":"https:\/\/bibliovaud.ch\/wp-content\/uploads\/2026_Decembre_-Flora-1-ID-7087018-2048x1366.jpg"},"post-thumbnail":{"width":1200,"height":801,"mime-type":"image\/jpeg","filesize":78253,"url":"https:\/\/bibliovaud.ch\/wp-content\/uploads\/2026_Decembre_-Flora-1-ID-7087018-1200x801.jpg"}}},"all_day":false,"start_date":"2026-06-06 10:30:00","start_date_details":{"year":"2026","month":"06","day":"06","hour":"10","minutes":"30","seconds":"00"},"end_date":"2026-06-06 11:15:00","end_date_details":{"year":"2026","month":"06","day":"06","hour":"11","minutes":"15","seconds":"00"},"utc_start_date":"2026-06-06 08:30:00","utc_start_date_details":{"year":"2026","month":"06","day":"06","hour":"08","minutes":"30","seconds":"00"},"utc_end_date":"2026-06-06 09:15:00","utc_end_date_details":{"year":"2026","month":"06","day":"06","hour":"09","minutes":"15","seconds":"00"},"timezone":"Europe\/Zurich","timezone_abbr":"CEST","cost":"Gratuit","cost_details":{"currency_symbol":"0","currency_code":"USD","currency_position":"prefix","values":["0"]},"website":"https:\/\/biblio.vevey.ch\/Default\/doc\/CALENDAR\/296\/zig-zag","show_map":false,"show_map_link":true,"hide_from_listings":false,"sticky":false,"featured":false,"categories":[{"name":"Lecture","slug":"lecture","term_group":0,"term_taxonomy_id":373,"taxonomy":"tribe_events_cat","description":"","parent":0,"count":171,"filter":"raw","id":372,"urls":{"self":"https:\/\/bibliovaud.ch\/index.php?rest_route=\/tribe\/events\/v1\/categories\/372","collection":"https:\/\/bibliovaud.ch\/index.php?rest_route=\/tribe\/events\/v1\/categories"}},{"name":"Rencontre","slug":"rencontre","term_group":0,"term_taxonomy_id":521,"taxonomy":"tribe_events_cat","description":"","parent":0,"count":21,"filter":"raw","id":520,"urls":{"self":"https:\/\/bibliovaud.ch\/index.php?rest_route=\/tribe\/events\/v1\/categories\/520","collection":"https:\/\/bibliovaud.ch\/index.php?rest_route=\/tribe\/events\/v1\/categories"}}],"tags":[],"venue":{"id":6679,"author":"10","status":"publish","date":"2018-12-11 14:31:09","date_utc":"2018-12-11 13:31:09","modified":"2018-12-11 14:31:09","modified_utc":"2018-12-11 13:31:09","url":"https:\/\/bibliovaud.ch\/?tribe_venue=bibliotheque-municipale-de-vevey","venue":"Biblioth\u00e8que municipale de Vevey","description":"<div class=\"post-theming-cleared\"> <\/div>","excerpt":"<div class=\"post-theming-cleared\"> <\/div>","slug":"bibliotheque-municipale-de-vevey","address":"Quai Perdonnet 33","city":"Vevey","country":"Suisse","zip":"1800","phone":"021 925 59 60","website":"http:\/\/biblio.vevey.ch","show_map":true,"show_map_link":true,"global_id":"bibliovaud.ch?id=6679","global_id_lineage":["bibliovaud.ch?id=6679"]},"organizer":[{"id":13349,"author":"10","status":"publish","date":"2021-01-12 16:01:29","date_utc":"2021-01-12 15:01:29","modified":"2021-01-12 16:01:29","modified_utc":"2021-01-12 15:01:29","url":"https:\/\/bibliovaud.ch\/?tribe_organizer=bibliotheque-municipale-de-vevey","organizer":"Biblioth\u00e8que municipale de Vevey","description":"<div class=\"post-theming-cleared\"> <\/div>","excerpt":"<div class=\"post-theming-cleared\"> <\/div>","slug":"bibliotheque-municipale-de-vevey","phone":"021 925 59 60","website":"biblio.vevey.ch","email":"biblio@vevey.ch","global_id":"bibliovaud.ch?id=13349","global_id_lineage":["bibliovaud.ch?id=13349"]}],"custom_fields":[]},{"id":16336,"global_id":"bibliovaud.ch?id=16336","global_id_lineage":["bibliovaud.ch?id=16336"],"author":"10","status":"publish","date":"2026-01-22 15:49:59","date_utc":"2026-01-22 14:49:59","modified":"2026-01-22 16:04:08","modified_utc":"2026-01-22 15:04:08","url":"https:\/\/bibliovaud.ch\/?tribe_events=la-biblio-dans-ton-quartier-9","rest_url":"https:\/\/bibliovaud.ch\/index.php?rest_route=\/tribe\/events\/v1\/events\/16336","title":"La Biblio dans ton quartier !","description":"Rendez-vous \u00e0 La Jouerie (Gilamont)\nPour les familles avec des enfants de 0 \u00e0 14 ans\nLa Biblio d\u00e9barque dans votre quartier ! Le Service de la coh\u00e9sion sociale de la Ville de Vevey, la Biblioth\u00e8que et l&#8217;association Bain de livres s&#8217;unissent pour vous proposer une grande tourn\u00e9e de livres veveysanne.\nUn bus rempli de 1000 livres en 80 langues quasi en bas de chez vous ! 25 dates dont 18 ouvertes au public \u00e0 ne pas manquer situ\u00e9es dans les 4 points cardinaux de Vevey, bienvenue \u00e0 toutes et tous !\nAvec la collaboration du Service de la coh\u00e9sion sociale de la Ville [...]<div class=\"post-theming-cleared\"> <\/div>","excerpt":"<div class=\"post-theming-cleared\"> <\/div>","slug":"la-biblio-dans-ton-quartier-9","image":{"url":"https:\/\/bibliovaud.ch\/wp-content\/uploads\/BiblioVevey-programme-2026-V032.png","id":16259,"extension":"png","width":1748,"height":2480,"filesize":30048,"sizes":{"medium":{"width":211,"height":300,"mime-type":"image\/png","filesize":7317,"url":"https:\/\/bibliovaud.ch\/wp-content\/uploads\/BiblioVevey-programme-2026-V032-211x300.png"},"thumbnail":{"width":100,"height":100,"mime-type":"image\/png","filesize":3311,"url":"https:\/\/bibliovaud.ch\/wp-content\/uploads\/BiblioVevey-programme-2026-V032-100x100.png"},"medium_large":{"width":768,"height":1090,"mime-type":"image\/png","filesize":28223,"url":"https:\/\/bibliovaud.ch\/wp-content\/uploads\/BiblioVevey-programme-2026-V032-768x1090.png"},"post-theming-row-1":{"width":170,"height":170,"mime-type":"image\/png","filesize":5598,"url":"https:\/\/bibliovaud.ch\/wp-content\/uploads\/BiblioVevey-programme-2026-V032-170x170.png"},"1536x1536":{"width":1083,"height":1536,"mime-type":"image\/png","filesize":41450,"url":"https:\/\/bibliovaud.ch\/wp-content\/uploads\/BiblioVevey-programme-2026-V032-1083x1536.png"},"2048x2048":{"width":1444,"height":2048,"mime-type":"image\/png","filesize":56145,"url":"https:\/\/bibliovaud.ch\/wp-content\/uploads\/BiblioVevey-programme-2026-V032-1444x2048.png"},"post-thumbnail":{"width":1200,"height":1703,"mime-type":"image\/png","filesize":46148,"url":"https:\/\/bibliovaud.ch\/wp-content\/uploads\/BiblioVevey-programme-2026-V032-1200x1703.png"}}},"all_day":false,"start_date":"2026-06-09 16:00:00","start_date_details":{"year":"2026","month":"06","day":"09","hour":"16","minutes":"00","seconds":"00"},"end_date":"2026-06-09 18:30:00","end_date_details":{"year":"2026","month":"06","day":"09","hour":"18","minutes":"30","seconds":"00"},"utc_start_date":"2026-06-09 14:00:00","utc_start_date_details":{"year":"2026","month":"06","day":"09","hour":"14","minutes":"00","seconds":"00"},"utc_end_date":"2026-06-09 16:30:00","utc_end_date_details":{"year":"2026","month":"06","day":"09","hour":"16","minutes":"30","seconds":"00"},"timezone":"Europe\/Zurich","timezone_abbr":"CEST","cost":"Gratuit","cost_details":{"currency_symbol":"","currency_code":"USD","currency_position":"prefix","values":["0"]},"website":"https:\/\/biblio.vevey.ch\/Default\/doc\/CALENDAR\/356\/la-biblio-dans-ton-quartier","show_map":false,"show_map_link":true,"hide_from_listings":false,"sticky":false,"featured":false,"categories":[{"name":"Lecture","slug":"lecture","term_group":0,"term_taxonomy_id":373,"taxonomy":"tribe_events_cat","description":"","parent":0,"count":171,"filter":"raw","id":372,"urls":{"self":"https:\/\/bibliovaud.ch\/index.php?rest_route=\/tribe\/events\/v1\/categories\/372","collection":"https:\/\/bibliovaud.ch\/index.php?rest_route=\/tribe\/events\/v1\/categories"}}],"tags":[],"venue":{"id":16224,"author":"10","status":"publish","date":"2025-12-03 12:35:32","date_utc":"2025-12-03 11:35:32","modified":"2025-12-03 12:35:32","modified_utc":"2025-12-03 11:35:32","url":"https:\/\/bibliovaud.ch\/?tribe_venue=la-jouerie","venue":"La Jouerie","description":"<div class=\"post-theming-cleared\"> <\/div>","excerpt":"<div class=\"post-theming-cleared\"> <\/div>","slug":"la-jouerie","address":"Gilamont 67","city":"Vevey","country":"Switzerland","zip":"1800","show_map":true,"show_map_link":true,"global_id":"bibliovaud.ch?id=16224","global_id_lineage":["bibliovaud.ch?id=16224"]},"organizer":[{"id":13349,"author":"10","status":"publish","date":"2021-01-12 16:01:29","date_utc":"2021-01-12 15:01:29","modified":"2021-01-12 16:01:29","modified_utc":"2021-01-12 15:01:29","url":"https:\/\/bibliovaud.ch\/?tribe_organizer=bibliotheque-municipale-de-vevey","organizer":"Biblioth\u00e8que municipale de Vevey","description":"<div class=\"post-theming-cleared\"> <\/div>","excerpt":"<div class=\"post-theming-cleared\"> <\/div>","slug":"bibliotheque-municipale-de-vevey","phone":"021 925 59 60","website":"biblio.vevey.ch","email":"biblio@vevey.ch","global_id":"bibliovaud.ch?id=13349","global_id_lineage":["bibliovaud.ch?id=13349"]}],"custom_fields":[]}],"rest_url":"https:\/\/bibliovaud.ch\/index.php?rest_route=%2Ftribe%2Fevents%2Fv1%2Fevents%2F&page=1&per_page=8&start_date=2026-05-01 00:00:00&end_date=2028-05-01 23:59:59&status=publish","next_rest_url":"https:\/\/bibliovaud.ch\/index.php?rest_route=%2Ftribe%2Fevents%2Fv1%2Fevents%2F&per_page=8&start_date=2026-05-01+00%3A00%3A00&end_date=2028-05-01+23%3A59%3A59&status=publish&page=2","total":29,"total_pages":4}