{"id":14599,"global_id":"bibliovaud.ch?id=14599","global_id_lineage":["bibliovaud.ch?id=14599"],"author":"10","status":"publish","date":"2022-12-05 16:31:57","date_utc":"2022-12-05 15:31:57","modified":"2022-12-05 16:31:57","modified_utc":"2022-12-05 15:31:57","url":"https:\/\/bibliovaud.ch\/?tribe_events=je-jardine-bio-3","rest_url":"https:\/\/bibliovaud.ch\/index.php?rest_route=\/tribe\/events\/v1\/events\/14599","title":"Je jardine bio","description":"Avec Christian Anglada \/ Entr\u00e9e libre sur inscription via me**************@***ey.ch\nAvec l\u2019arriv\u00e9e du printemps, la terre et la vie se r\u00e9veillent. C\u2019est le moment id\u00e9al pour d\u00e9couvrir autour du jardinage la richesse de la biodiversit\u00e9 et l\u2019importance des enjeux climatiques.\nNous aborderons les diff\u00e9rentes \u00e9tapes de r\u00e9alisation d\u2019un jardin bio et son entretien au fil des saisons : de la pr\u00e9paration de la terre au plan du jardin, du choix des graines aux plantations, du soin des cultures \u00e0 leurs r\u00e9coltes.\nNous travaillerons directement dans le jardin bio de la Biblioth\u00e8que et du Caf\u00e9 litt\u00e9raire, tout en faisant le lien entre le jardin [...]<div class=\"post-theming-cleared\"> <\/div>","excerpt":"<div class=\"post-theming-cleared\"> <\/div>","slug":"je-jardine-bio-3","image":{"url":"https:\/\/bibliovaud.ch\/wp-content\/uploads\/JardinBio.png","id":14600,"extension":"png","width":1920,"height":1080,"sizes":{"medium":{"width":300,"height":169,"mime-type":"image\/png","url":"https:\/\/bibliovaud.ch\/wp-content\/uploads\/JardinBio-300x169.png"},"thumbnail":{"width":100,"height":100,"mime-type":"image\/png","url":"https:\/\/bibliovaud.ch\/wp-content\/uploads\/JardinBio-100x100.png"},"medium_large":{"width":768,"height":432,"mime-type":"image\/png","url":"https:\/\/bibliovaud.ch\/wp-content\/uploads\/JardinBio-768x432.png"},"post-theming-row-1":{"width":170,"height":170,"mime-type":"image\/png","url":"https:\/\/bibliovaud.ch\/wp-content\/uploads\/JardinBio-170x170.png"},"1536x1536":{"width":1536,"height":864,"mime-type":"image\/png","url":"https:\/\/bibliovaud.ch\/wp-content\/uploads\/JardinBio-1536x864.png"},"post-thumbnail":{"width":1200,"height":675,"mime-type":"image\/png","url":"https:\/\/bibliovaud.ch\/wp-content\/uploads\/JardinBio-1200x675.png"}}},"all_day":false,"start_date":"2023-04-29 10:00:00","start_date_details":{"year":"2023","month":"04","day":"29","hour":"10","minutes":"00","seconds":"00"},"end_date":"2023-04-29 12:30:00","end_date_details":{"year":"2023","month":"04","day":"29","hour":"12","minutes":"30","seconds":"00"},"utc_start_date":"2023-04-29 08:00:00","utc_start_date_details":{"year":"2023","month":"04","day":"29","hour":"08","minutes":"00","seconds":"00"},"utc_end_date":"2023-04-29 10:30:00","utc_end_date_details":{"year":"2023","month":"04","day":"29","hour":"10","minutes":"30","seconds":"00"},"timezone":"Europe\/Zurich","timezone_abbr":"CEST","cost":"Gratuit","cost_details":{"currency_symbol":"","currency_code":"","currency_position":"prefix","values":["0"]},"website":"https:\/\/biblio.vevey.ch\/","show_map":false,"show_map_link":false,"hide_from_listings":false,"sticky":false,"featured":false,"categories":[{"name":"Atelier","slug":"atelier","term_group":0,"term_taxonomy_id":365,"taxonomy":"tribe_events_cat","description":"","parent":0,"count":243,"filter":"raw","id":364,"urls":{"self":"https:\/\/bibliovaud.ch\/index.php?rest_route=\/tribe\/events\/v1\/categories\/364","collection":"https:\/\/bibliovaud.ch\/index.php?rest_route=\/tribe\/events\/v1\/categories"}}],"tags":[],"venue":{"id":6679,"author":"10","status":"publish","date":"2018-12-11 14:31:09","date_utc":"2018-12-11 13:31:09","modified":"2018-12-11 14:31:09","modified_utc":"2018-12-11 13:31:09","url":"https:\/\/bibliovaud.ch\/?tribe_venue=bibliotheque-municipale-de-vevey","venue":"Biblioth\u00e8que municipale de Vevey","description":"<div class=\"post-theming-cleared\"> <\/div>","excerpt":"<div class=\"post-theming-cleared\"> <\/div>","slug":"bibliotheque-municipale-de-vevey","address":"Quai Perdonnet 33","city":"Vevey","country":"Suisse","zip":"1800","phone":"021 925 59 60","website":"http:\/\/biblio.vevey.ch","json_ld":{"@type":"Place","name":"Biblioth\u00e8que municipale de Vevey","description":"","url":"","address":{"@type":"PostalAddress","streetAddress":"Quai Perdonnet 33","addressLocality":"Vevey","postalCode":"1800","addressCountry":"Suisse"},"telephone":"021 925 59 60","sameAs":"http:\/\/biblio.vevey.ch"},"show_map":true,"show_map_link":true,"global_id":"bibliovaud.ch?id=6679","global_id_lineage":["bibliovaud.ch?id=6679"]},"organizer":[{"id":13349,"author":"10","status":"publish","date":"2021-01-12 16:01:29","date_utc":"2021-01-12 15:01:29","modified":"2021-01-12 16:01:29","modified_utc":"2021-01-12 15:01:29","url":"https:\/\/bibliovaud.ch\/?tribe_organizer=bibliotheque-municipale-de-vevey","organizer":"Biblioth\u00e8que municipale de Vevey","description":"<div class=\"post-theming-cleared\"> <\/div>","excerpt":"<div class=\"post-theming-cleared\"> <\/div>","slug":"bibliotheque-municipale-de-vevey","phone":"021 925 59 60","website":"biblio.vevey.ch","email":"biblio@vevey.ch","json_ld":{"@type":"Person","name":"Biblioth\u00e8que municipale de Vevey","description":"","url":"http:\/\/biblio.vevey.ch","telephone":"021 925 59 60","email":"bib&#108;&#105;&#111;&#64;&#118;e&#118;ey.&#99;h","sameAs":"http:\/\/biblio.vevey.ch"},"global_id":"bibliovaud.ch?id=13349","global_id_lineage":["bibliovaud.ch?id=13349"]}],"custom_fields":[],"json_ld":{"@context":"http:\/\/schema.org","@type":"Event","name":"Je jardine bio","description":"&lt;p&gt;Avec Christian Anglada \/ Entr\u00e9e libre sur inscription via mediation.biblio@vevey.ch Avec l\u2019arriv\u00e9e du printemps, la terre et la vie se r\u00e9veillent. C\u2019est le moment id\u00e9al pour d\u00e9couvrir autour du jardinage &hellip; &lt;a href=&quot;https:\/\/bibliovaud.ch\/?tribe_events=je-jardine-bio-3&quot; class=&quot;more-link&quot;&gt;Continuer la lecture&lt;span class=&quot;screen-reader-text&quot;&gt; de &laquo;&nbsp;Je jardine bio&nbsp;&raquo;&lt;\/span&gt;&lt;\/a&gt;&lt;\/p&gt;\\n","image":"https:\/\/bibliovaud.ch\/wp-content\/uploads\/JardinBio.png","url":"https:\/\/bibliovaud.ch\/?tribe_events=je-jardine-bio-3","eventAttendanceMode":"https:\/\/schema.org\/OfflineEventAttendanceMode","eventStatus":"https:\/\/schema.org\/EventScheduled","startDate":"2023-04-29T10:00:00+02:00","endDate":"2023-04-29T12:30:00+02:00","location":{"@type":"Place","name":"Biblioth\u00e8que municipale de Vevey","description":"","url":"","address":{"@type":"PostalAddress","streetAddress":"Quai Perdonnet 33","addressLocality":"Vevey","postalCode":"1800","addressCountry":"Suisse"},"telephone":"021 925 59 60","sameAs":"http:\/\/biblio.vevey.ch"},"organizer":{"@type":"Person","name":"Biblioth\u00e8que municipale de Vevey","description":"","url":"http:\/\/biblio.vevey.ch","telephone":"021 925 59 60","email":"&#98;&#105;bli&#111;&#64;ve&#118;&#101;y&#46;&#99;&#104;","sameAs":"http:\/\/biblio.vevey.ch"},"offers":{"@type":"Offer","price":"0","priceCurrency":"USD","url":"https:\/\/bibliovaud.ch\/?tribe_events=je-jardine-bio-3","category":"primary","availability":"inStock","validFrom":"1970-01-01T00:00:00+00:00"},"performer":"Organization"}}