{"id":14705,"global_id":"bibliovaud.ch?id=14705","global_id_lineage":["bibliovaud.ch?id=14705"],"author":"56","status":"publish","date":"2023-01-19 18:16:06","date_utc":"2023-01-19 17:16:06","modified":"2023-02-01 09:43:38","modified_utc":"2023-02-01 08:43:38","url":"https:\/\/bibliovaud.ch\/?tribe_events=recital-pugilistique-la-gale-virus-pierre-audetat","rest_url":"https:\/\/bibliovaud.ch\/index.php?rest_route=\/tribe\/events\/v1\/events\/14705","title":"R\u00e9cital Pugilistique: La Gale, V\u00eerus &amp; Pierre Aud\u00e9tat","description":"La Gale \u00a9 Cynthia Mai Ammann_Fondation vaudoise pour la culture\nConcert\nDeux monstres s\u2019aiment, s\u2019affronteraient presqueCe projet r\u00e9unit le parcours et la destin\u00e9e tragique-\u00e9pique de deux amoureu\u00b7ses de la po\u00e9sie, de l\u2019art, avant-gardistes et anticonformistes. Mina Loy, autrice du Feminist Manifesto en 1914, est po\u00e9tesse, dramaturge, peintre et romanci\u00e8re\u00a0; elle entame \u00e0 la plume et au pinceau la destruction du vieux monde qui la conscrit. Arthur Cravan, n\u00e9 \u00e0 Lausanne, est po\u00e8te, boxeur, conf\u00e9rencier, vagabond\u00a0; il a myst\u00e9rieusement disparu au large du golfe du Mexique en 1918.\nR\u00e9unir Loy et Cravan est une premi\u00e8re\u00a0: La Gale, V\u00eerus et Pierre [...]<div class=\"post-theming-cleared\"> <\/div>","excerpt":"<div class=\"post-theming-cleared\"> <\/div>","slug":"recital-pugilistique-la-gale-virus-pierre-audetat","image":{"url":"https:\/\/bibliovaud.ch\/wp-content\/uploads\/La-Gale-\u00a9-Cynthia-Mai-Ammann_Fondation-vaudoise-pour-la-culture.jpg","id":14706,"extension":"jpg","width":1201,"height":1500,"sizes":{"medium":{"width":240,"height":300,"mime-type":"image\/jpeg","url":"https:\/\/bibliovaud.ch\/wp-content\/uploads\/La-Gale-\u00a9-Cynthia-Mai-Ammann_Fondation-vaudoise-pour-la-culture-240x300.jpg"},"thumbnail":{"width":100,"height":100,"mime-type":"image\/jpeg","url":"https:\/\/bibliovaud.ch\/wp-content\/uploads\/La-Gale-\u00a9-Cynthia-Mai-Ammann_Fondation-vaudoise-pour-la-culture-100x100.jpg"},"medium_large":{"width":768,"height":959,"mime-type":"image\/jpeg","url":"https:\/\/bibliovaud.ch\/wp-content\/uploads\/La-Gale-\u00a9-Cynthia-Mai-Ammann_Fondation-vaudoise-pour-la-culture-768x959.jpg"},"post-theming-row-1":{"width":170,"height":170,"mime-type":"image\/jpeg","url":"https:\/\/bibliovaud.ch\/wp-content\/uploads\/La-Gale-\u00a9-Cynthia-Mai-Ammann_Fondation-vaudoise-pour-la-culture-170x170.jpg"}}},"all_day":false,"start_date":"2023-06-21 21:00:00","start_date_details":{"year":"2023","month":"06","day":"21","hour":"21","minutes":"00","seconds":"00"},"end_date":"2023-06-21 22:30:00","end_date_details":{"year":"2023","month":"06","day":"21","hour":"22","minutes":"30","seconds":"00"},"utc_start_date":"2023-06-21 19:00:00","utc_start_date_details":{"year":"2023","month":"06","day":"21","hour":"19","minutes":"00","seconds":"00"},"utc_end_date":"2023-06-21 20:30:00","utc_end_date_details":{"year":"2023","month":"06","day":"21","hour":"20","minutes":"30","seconds":"00"},"timezone":"Europe\/Zurich","timezone_abbr":"CEST","cost":"Gratuit","cost_details":{"currency_symbol":"","currency_code":"","currency_position":"prefix","values":["0"]},"website":"https:\/\/bit.ly\/bcul-recital-pugilistique","show_map":true,"show_map_link":true,"hide_from_listings":false,"sticky":false,"featured":false,"categories":[{"name":"Concert","slug":"concert","term_group":0,"term_taxonomy_id":509,"taxonomy":"tribe_events_cat","description":"","parent":0,"count":31,"filter":"raw","id":508,"urls":{"self":"https:\/\/bibliovaud.ch\/index.php?rest_route=\/tribe\/events\/v1\/categories\/508","collection":"https:\/\/bibliovaud.ch\/index.php?rest_route=\/tribe\/events\/v1\/categories"}}],"tags":[],"venue":{"id":12821,"author":"56","status":"publish","date":"2020-06-29 14:50:34","date_utc":"2020-06-29 12:50:34","modified":"2020-06-29 14:50:34","modified_utc":"2020-06-29 12:50:34","url":"https:\/\/bibliovaud.ch\/?tribe_venue=corps-central-du-palais-de-rumine","venue":"Corps central du Palais de Rumine","description":"<div class=\"post-theming-cleared\"> <\/div>","excerpt":"<div class=\"post-theming-cleared\"> <\/div>","slug":"corps-central-du-palais-de-rumine","json_ld":{"@type":"Place","name":"Corps central du Palais de Rumine","description":"","url":"","address":{"@type":"PostalAddress"},"telephone":"","sameAs":""},"show_map":true,"show_map_link":true,"global_id":"bibliovaud.ch?id=12821","global_id_lineage":["bibliovaud.ch?id=12821"]},"organizer":[{"id":7167,"author":"56","status":"publish","date":"2019-03-12 16:33:42","date_utc":"2019-03-12 15:33:42","modified":"2019-03-12 16:33:42","modified_utc":"2019-03-12 15:33:42","url":"https:\/\/bibliovaud.ch\/?tribe_organizer=bibliohteque-cantonale-et-universitaire-lausanne-site-riponne-2","organizer":"Biblioht\u00e8que cantonale et universitaire &#8211; Lausanne, site Riponne","description":"<div class=\"post-theming-cleared\"> <\/div>","excerpt":"<div class=\"post-theming-cleared\"> <\/div>","slug":"bibliohteque-cantonale-et-universitaire-lausanne-site-riponne-2","website":"www.bcu-lausanne.ch","email":"manifestations@bcu.unil.ch","json_ld":{"@type":"Person","name":"Biblioht\u00e8que cantonale et universitaire &#8211; Lausanne, site Riponne","description":"","url":"http:\/\/www.bcu-lausanne.ch","telephone":"","email":"&#109;an&#105;&#102;es&#116;&#97;t&#105;&#111;ns&#64;b&#99;u&#46;unil&#46;&#99;h","sameAs":"http:\/\/www.bcu-lausanne.ch"},"global_id":"bibliovaud.ch?id=7167","global_id_lineage":["bibliovaud.ch?id=7167"]}],"custom_fields":[],"json_ld":{"@context":"http:\/\/schema.org","@type":"Event","name":"R\u00e9cital Pugilistique: La Gale, V\u00eerus &amp; Pierre Aud\u00e9tat","description":"&lt;p&gt;La Gale \u00a9 Cynthia Mai Ammann_Fondation vaudoise pour la culture Concert Deux monstres s\u2019aiment, s\u2019affronteraient presqueCe projet r\u00e9unit le parcours et la destin\u00e9e tragique-\u00e9pique de deux amoureu\u00b7ses de la po\u00e9sie, &hellip; &lt;a href=&quot;https:\/\/bibliovaud.ch\/?tribe_events=recital-pugilistique-la-gale-virus-pierre-audetat&quot; class=&quot;more-link&quot;&gt;Continuer la lecture&lt;span class=&quot;screen-reader-text&quot;&gt; de &laquo;&nbsp;R\u00e9cital Pugilistique: La Gale, V\u00eerus &amp; Pierre Aud\u00e9tat&nbsp;&raquo;&lt;\/span&gt;&lt;\/a&gt;&lt;\/p&gt;\\n","image":"https:\/\/bibliovaud.ch\/wp-content\/uploads\/La-Gale-\u00a9-Cynthia-Mai-Ammann_Fondation-vaudoise-pour-la-culture.jpg","url":"https:\/\/bibliovaud.ch\/?tribe_events=recital-pugilistique-la-gale-virus-pierre-audetat","eventAttendanceMode":"https:\/\/schema.org\/OfflineEventAttendanceMode","eventStatus":"https:\/\/schema.org\/EventScheduled","startDate":"2023-06-21T21:00:00+02:00","endDate":"2023-06-21T22:30:00+02:00","location":{"@type":"Place","name":"Corps central du Palais de Rumine","description":"","url":"","address":{"@type":"PostalAddress"},"telephone":"","sameAs":""},"organizer":{"@type":"Person","name":"Biblioht\u00e8que cantonale et universitaire &#8211; Lausanne, site Riponne","description":"","url":"http:\/\/www.bcu-lausanne.ch","telephone":"","email":"&#109;a&#110;&#105;fes&#116;ati&#111;n&#115;&#64;b&#99;&#117;&#46;u&#110;&#105;&#108;&#46;ch","sameAs":"http:\/\/www.bcu-lausanne.ch"},"offers":{"@type":"Offer","price":"0","priceCurrency":"USD","url":"https:\/\/bibliovaud.ch\/?tribe_events=recital-pugilistique-la-gale-virus-pierre-audetat","category":"primary","availability":"inStock","validFrom":"1970-01-01T00:00:00+00:00"},"performer":"Organization"}}