{"id":14790,"global_id":"bibliovaud.ch?id=14790","global_id_lineage":["bibliovaud.ch?id=14790"],"author":"30","status":"publish","date":"2023-03-07 08:20:32","date_utc":"2023-03-07 07:20:32","modified":"2023-03-07 09:32:29","modified_utc":"2023-03-07 08:32:29","url":"https:\/\/bibliovaud.ch\/?tribe_events=cafechanges-table-ronde","rest_url":"https:\/\/bibliovaud.ch\/index.php?rest_route=\/tribe\/events\/v1\/events\/14790","title":"Caf&#8217;\u00c9changes &#8211; Table ronde","description":"A vos agendas !\r\nDans le but de diversifier ses activit\u00e9s et de cr\u00e9er du lien entre ses membres, BiblioVaud lance Caf\u2019\u00c9changes, une premi\u00e8re table ronde sur le th\u00e8me : Multiculturalit\u00e9 en biblioth\u00e8que\u00a0&#8211; Ressources et bonnes pratiques.\r\nCette rencontre aura lieu : le lundi 3 avril, de 9h \u00e0 11h30, \u00e0 Globlivres, Rue Neuve 2 bis, 1020 Renens.\r\n\r\n\r\n\r\nEn pr\u00e9sence des intervenantes suivantes :\r\n\r\n\r\n\r\n\r\nInterBiblio, organisation fa\u00eeti\u00e8re des biblioth\u00e8ques interculturelles de toute la Suisse, Fribourg &#8211; Mme Illena Spinedi\r\nGloblivres, Renens &#8211; Mme Anne-Sophie Bovet\r\nA tous Livres, Monthey &#8211; Mme Nizama Hodzi\r\nLivr\u00c9change, Fribourg &#8211; Mme Anna Caldeira Tognola (en attente de confirmation)\r\n\r\n\r\n\r\n\u00a0 D\u00e9roul\u00e9 :\r\n\r\nTour de [...]<div class=\"post-theming-cleared\"> <\/div>","excerpt":"<div class=\"post-theming-cleared\"> <\/div>","slug":"cafechanges-table-ronde","image":{"url":"https:\/\/bibliovaud.ch\/wp-content\/uploads\/cropped-banniere-3.png","id":7040,"extension":"png","width":240,"height":50,"sizes":{"thumbnail":{"width":100,"height":50,"mime-type":"image\/png","url":"https:\/\/bibliovaud.ch\/wp-content\/uploads\/cropped-banniere-3-100x50.png"},"post-theming-row-1":{"width":170,"height":50,"mime-type":"image\/png","url":"https:\/\/bibliovaud.ch\/wp-content\/uploads\/cropped-banniere-3-170x50.png"},"post-theming-row-2":{"width":100,"height":50,"mime-type":"image\/png","url":"https:\/\/bibliovaud.ch\/wp-content\/uploads\/cropped-banniere-3-100x50.png"},"post-theming-row-3":{"width":50,"height":50,"mime-type":"image\/png","url":"https:\/\/bibliovaud.ch\/wp-content\/uploads\/cropped-banniere-3-50x50.png"},"wptouch-new-thumbnail":{"width":144,"height":50,"mime-type":"image\/png","url":"https:\/\/bibliovaud.ch\/wp-content\/uploads\/cropped-banniere-3-144x50.png"}}},"all_day":false,"start_date":"2023-04-03 09:00:00","start_date_details":{"year":"2023","month":"04","day":"03","hour":"09","minutes":"00","seconds":"00"},"end_date":"2023-04-03 11:30:00","end_date_details":{"year":"2023","month":"04","day":"03","hour":"11","minutes":"30","seconds":"00"},"utc_start_date":"2023-04-03 07:00:00","utc_start_date_details":{"year":"2023","month":"04","day":"03","hour":"07","minutes":"00","seconds":"00"},"utc_end_date":"2023-04-03 09:30:00","utc_end_date_details":{"year":"2023","month":"04","day":"03","hour":"09","minutes":"30","seconds":"00"},"timezone":"Europe\/Zurich","timezone_abbr":"CEST","cost":"","cost_details":{"currency_symbol":"","currency_code":"","currency_position":"prefix","values":[]},"website":"","show_map":false,"show_map_link":false,"hide_from_listings":false,"sticky":false,"featured":false,"categories":[{"name":"Association BiblioVaud","slug":"association-bibliovaud","term_group":0,"term_taxonomy_id":517,"taxonomy":"tribe_events_cat","description":"","parent":0,"count":1,"filter":"raw","id":516,"urls":{"self":"https:\/\/bibliovaud.ch\/index.php?rest_route=\/tribe\/events\/v1\/categories\/516","collection":"https:\/\/bibliovaud.ch\/index.php?rest_route=\/tribe\/events\/v1\/categories"}}],"tags":[],"venue":{"id":6657,"author":"7","status":"publish","date":"2018-12-03 10:09:37","date_utc":"2018-12-03 09:09:37","modified":"2018-12-03 10:09:37","modified_utc":"2018-12-03 09:09:37","url":"https:\/\/bibliovaud.ch\/?tribe_venue=globlivres","venue":"Globlivres","description":"<div class=\"post-theming-cleared\"> <\/div>","excerpt":"<div class=\"post-theming-cleared\"> <\/div>","slug":"globlivres","address":"Rue Neuve 2bis","city":"Renens","country":"Suisse","province":"Vaud","zip":"1020","phone":"+41 21 635 02 36","website":"http:\/\/www.globlivres.ch\/fr\/","stateprovince":"Vaud","json_ld":{"@type":"Place","name":"Globlivres","description":"","url":"","address":{"@type":"PostalAddress","streetAddress":"Rue Neuve 2bis","addressLocality":"Renens","addressRegion":"Vaud","postalCode":"1020","addressCountry":"Suisse"},"telephone":"+41 21 635 02 36","sameAs":"http:\/\/www.globlivres.ch\/fr\/"},"show_map":true,"show_map_link":true,"global_id":"bibliovaud.ch?id=6657","global_id_lineage":["bibliovaud.ch?id=6657"]},"organizer":[{"id":14792,"author":"30","status":"publish","date":"2023-03-07 08:19:32","date_utc":"2023-03-07 07:19:32","modified":"2023-03-07 08:19:47","modified_utc":"2023-03-07 07:19:47","url":"https:\/\/bibliovaud.ch\/?tribe_organizer=bibliovaud","organizer":"BiblioVaud","description":"<div class=\"post-theming-cleared\"> <\/div>","excerpt":"<div class=\"post-theming-cleared\"> <\/div>","slug":"bibliovaud","phone":"+41 (0)79 885 35 28","website":"www.bibliovaud.ch","email":"info@bibliovaud.ch","json_ld":{"@type":"Person","name":"BiblioVaud","description":"","url":"http:\/\/www.bibliovaud.ch","telephone":"+41 (0)79 885 35 28","email":"&#105;n&#102;o&#64;b&#105;b&#108;i&#111;v&#97;ud.ch","sameAs":"http:\/\/www.bibliovaud.ch"},"global_id":"bibliovaud.ch?id=14792","global_id_lineage":["bibliovaud.ch?id=14792"]}],"custom_fields":[],"json_ld":{"@context":"http:\/\/schema.org","@type":"Event","name":"Caf&#8217;\u00c9changes &#8211; Table ronde","description":"&lt;p&gt;A vos agendas ! Dans le but de diversifier ses activit\u00e9s et de cr\u00e9er du lien entre ses membres, BiblioVaud lance Caf\u2019\u00c9changes, une premi\u00e8re table ronde sur le th\u00e8me : &hellip; &lt;a href=&quot;https:\/\/bibliovaud.ch\/?tribe_events=cafechanges-table-ronde&quot; class=&quot;more-link&quot;&gt;Continuer la lecture&lt;span class=&quot;screen-reader-text&quot;&gt; de &laquo;&nbsp;Caf&#8217;\u00c9changes &#8211; Table ronde&nbsp;&raquo;&lt;\/span&gt;&lt;\/a&gt;&lt;\/p&gt;\\n","image":"https:\/\/bibliovaud.ch\/wp-content\/uploads\/cropped-banniere-3.png","url":"https:\/\/bibliovaud.ch\/?tribe_events=cafechanges-table-ronde","eventAttendanceMode":"https:\/\/schema.org\/OfflineEventAttendanceMode","eventStatus":"https:\/\/schema.org\/EventScheduled","startDate":"2023-04-03T09:00:00+02:00","endDate":"2023-04-03T11:30:00+02:00","location":{"@type":"Place","name":"Globlivres","description":"","url":"","address":{"@type":"PostalAddress","streetAddress":"Rue Neuve 2bis","addressLocality":"Renens","addressRegion":"Vaud","postalCode":"1020","addressCountry":"Suisse"},"telephone":"+41 21 635 02 36","sameAs":"http:\/\/www.globlivres.ch\/fr\/"},"organizer":{"@type":"Person","name":"BiblioVaud","description":"","url":"http:\/\/www.bibliovaud.ch","telephone":"+41 (0)79 885 35 28","email":"&#105;&#110;fo&#64;b&#105;&#98;&#108;i&#111;vau&#100;.&#99;&#104;","sameAs":"http:\/\/www.bibliovaud.ch"},"performer":"Organization"}}