{"id":14820,"global_id":"bibliovaud.ch?id=14820","global_id_lineage":["bibliovaud.ch?id=14820"],"author":"6","status":"publish","date":"2023-03-10 11:29:15","date_utc":"2023-03-10 10:29:15","modified":"2023-03-10 11:33:51","modified_utc":"2023-03-10 10:33:51","url":"https:\/\/bibliovaud.ch\/?tribe_events=formation-quelle-place-en-bibliotheque-pour-les-voix-des-personnes-requerantes-dasile","rest_url":"https:\/\/bibliovaud.ch\/index.php?rest_route=\/tribe\/events\/v1\/events\/14820","title":"formation : quelle place en biblioth\u00e8que pour les voix des personnes requ\u00e9rantes d\u2019asile?","description":"Vendredi 5 mai, de 13h30 \u00e0 17h30 \u00e0 Bibliomedia.\nLe Laboratoire des biblioth\u00e8ques de Bibliomedia propose une formation sur le th\u00e8me de l\u2019asile en Suisse du point de vue des personnes requ\u00e9rantes d\u2019asile. Au travers de l\u2019installation\u00a0Voi\u00b7es\u00b7x de r\u00e9sistance\u00a0et d\u2019un atelier cl\u00e9 en main, d\u00e9veloppez des outils pour aborder ce th\u00e8me de mani\u00e8re constructive avec les publics des biblioth\u00e8ques.\n\n\nVoi\u00b7es\u00b7x de r\u00e9sistance\u00a0comprend une installation sonore (casques d\u2019\u00e9coute) et un atelier participatif port\u00e9s par l\u2019association Reliefs.\nCette formation permet aux participant\u00b7e\u00b7s de :\n\nPrendre connaissance des d\u00e9marches qui incombent aux personnes d\u00e9posant une demande d\u2019asile en Suisse\nD\u00e9couvrir l\u2019installation\u00a0Voi\u00b7es\u00b7x de r\u00e9sistance\nComprendre de quelle mani\u00e8re accompagner l\u2019installation [...]<div class=\"post-theming-cleared\"> <\/div>","excerpt":"<div class=\"post-theming-cleared\"> <\/div>","slug":"formation-quelle-place-en-bibliotheque-pour-les-voix-des-personnes-requerantes-dasile","image":{"url":"https:\/\/bibliovaud.ch\/wp-content\/uploads\/insta-formation-reliefs.png","id":14821,"extension":"png","width":1080,"height":1080,"sizes":{"medium":{"width":300,"height":300,"mime-type":"image\/png","url":"https:\/\/bibliovaud.ch\/wp-content\/uploads\/insta-formation-reliefs-300x300.png"},"thumbnail":{"width":100,"height":100,"mime-type":"image\/png","url":"https:\/\/bibliovaud.ch\/wp-content\/uploads\/insta-formation-reliefs-100x100.png"},"medium_large":{"width":768,"height":768,"mime-type":"image\/png","url":"https:\/\/bibliovaud.ch\/wp-content\/uploads\/insta-formation-reliefs-768x768.png"},"post-theming-row-1":{"width":170,"height":170,"mime-type":"image\/png","url":"https:\/\/bibliovaud.ch\/wp-content\/uploads\/insta-formation-reliefs-170x170.png"}}},"all_day":false,"start_date":"2023-05-05 13:30:00","start_date_details":{"year":"2023","month":"05","day":"05","hour":"13","minutes":"30","seconds":"00"},"end_date":"2023-05-05 17:30:00","end_date_details":{"year":"2023","month":"05","day":"05","hour":"17","minutes":"30","seconds":"00"},"utc_start_date":"2023-05-05 11:30:00","utc_start_date_details":{"year":"2023","month":"05","day":"05","hour":"11","minutes":"30","seconds":"00"},"utc_end_date":"2023-05-05 15:30:00","utc_end_date_details":{"year":"2023","month":"05","day":"05","hour":"15","minutes":"30","seconds":"00"},"timezone":"Europe\/Zurich","timezone_abbr":"CEST","cost":"50","cost_details":{"currency_symbol":"","currency_code":"","currency_position":"prefix","values":["50"]},"website":"https:\/\/www.bibliomedia.ch\/fr\/evenements\/formation-accueillir-voi%c2%b7es%c2%b7x-de-resistance-dans-sa-bibliotheque\/","show_map":true,"show_map_link":true,"hide_from_listings":false,"sticky":false,"featured":false,"categories":[{"name":"Atelier","slug":"atelier","term_group":0,"term_taxonomy_id":365,"taxonomy":"tribe_events_cat","description":"","parent":0,"count":243,"filter":"raw","id":364,"urls":{"self":"https:\/\/bibliovaud.ch\/index.php?rest_route=\/tribe\/events\/v1\/categories\/364","collection":"https:\/\/bibliovaud.ch\/index.php?rest_route=\/tribe\/events\/v1\/categories"}},{"name":"Ev\u00e9nement","slug":"evenement","term_group":0,"term_taxonomy_id":367,"taxonomy":"tribe_events_cat","description":"","parent":0,"count":149,"filter":"raw","id":366,"urls":{"self":"https:\/\/bibliovaud.ch\/index.php?rest_route=\/tribe\/events\/v1\/categories\/366","collection":"https:\/\/bibliovaud.ch\/index.php?rest_route=\/tribe\/events\/v1\/categories"}}],"tags":[],"venue":{"id":7196,"author":"6","status":"publish","date":"2020-02-18 13:38:47","date_utc":"2020-02-18 12:38:47","modified":"2020-02-18 13:38:47","modified_utc":"2020-02-18 12:38:47","url":"https:\/\/bibliovaud.ch\/?tribe_venue=bibliomedia-lausanne-2","venue":"Bibliomedia &#8211; Lausanne","description":"<div class=\"post-theming-cleared\"> <\/div>","excerpt":"<div class=\"post-theming-cleared\"> <\/div>","slug":"bibliomedia-lausanne-2","address":"Rue C\u00e9sar-Roux 34","city":"Lausanne","country":"Switzerland","zip":"1005","phone":"021 340 70 30","website":"www.bibliomedia.ch","json_ld":{"@type":"Place","name":"Bibliomedia &#8211; Lausanne","description":"","url":"","address":{"@type":"PostalAddress","streetAddress":"Rue C\u00e9sar-Roux 34","addressLocality":"Lausanne","postalCode":"1005","addressCountry":"Switzerland"},"telephone":"021 340 70 30","sameAs":"www.bibliomedia.ch"},"show_map":true,"show_map_link":true,"global_id":"bibliovaud.ch?id=7196","global_id_lineage":["bibliovaud.ch?id=7196"]},"organizer":[{"id":7199,"author":"6","status":"publish","date":"2019-03-22 11:50:11","date_utc":"2019-03-22 10:50:11","modified":"2019-03-22 11:50:11","modified_utc":"2019-03-22 10:50:11","url":"https:\/\/bibliovaud.ch\/?tribe_organizer=bibliomedia-lausanne","organizer":"Bibliomedia &#8211; Lausanne","description":"<div class=\"post-theming-cleared\"> <\/div>","excerpt":"<div class=\"post-theming-cleared\"> <\/div>","slug":"bibliomedia-lausanne","phone":"021 340 70 30","website":"www.bibliomedia.ch\/fr","json_ld":{"@type":"Person","name":"Bibliomedia &#8211; Lausanne","description":"","url":"http:\/\/www.bibliomedia.ch\/fr","telephone":"021 340 70 30","email":"","sameAs":"http:\/\/www.bibliomedia.ch\/fr"},"global_id":"bibliovaud.ch?id=7199","global_id_lineage":["bibliovaud.ch?id=7199"]}],"custom_fields":[],"json_ld":{"@context":"http:\/\/schema.org","@type":"Event","name":"formation : quelle place en biblioth\u00e8que pour les voix des personnes requ\u00e9rantes d\u2019asile?","description":"&lt;p&gt;Vendredi 5 mai, de 13h30 \u00e0 17h30 \u00e0 Bibliomedia. Le Laboratoire des biblioth\u00e8ques de Bibliomedia propose une formation sur le th\u00e8me de l\u2019asile en Suisse du point de vue des &hellip; &lt;a href=&quot;https:\/\/bibliovaud.ch\/?tribe_events=formation-quelle-place-en-bibliotheque-pour-les-voix-des-personnes-requerantes-dasile&quot; class=&quot;more-link&quot;&gt;Continuer la lecture&lt;span class=&quot;screen-reader-text&quot;&gt; de &laquo;&nbsp;formation : quelle place en biblioth\u00e8que pour les voix des personnes requ\u00e9rantes d\u2019asile?&nbsp;&raquo;&lt;\/span&gt;&lt;\/a&gt;&lt;\/p&gt;\\n","image":"https:\/\/bibliovaud.ch\/wp-content\/uploads\/insta-formation-reliefs.png","url":"https:\/\/bibliovaud.ch\/?tribe_events=formation-quelle-place-en-bibliotheque-pour-les-voix-des-personnes-requerantes-dasile","eventAttendanceMode":"https:\/\/schema.org\/OfflineEventAttendanceMode","eventStatus":"https:\/\/schema.org\/EventScheduled","startDate":"2023-05-05T13:30:00+02:00","endDate":"2023-05-05T17:30:00+02:00","location":{"@type":"Place","name":"Bibliomedia &#8211; Lausanne","description":"","url":"","address":{"@type":"PostalAddress","streetAddress":"Rue C\u00e9sar-Roux 34","addressLocality":"Lausanne","postalCode":"1005","addressCountry":"Switzerland"},"telephone":"021 340 70 30","sameAs":"www.bibliomedia.ch"},"organizer":{"@type":"Person","name":"Bibliomedia &#8211; Lausanne","description":"","url":"http:\/\/www.bibliomedia.ch\/fr","telephone":"021 340 70 30","email":"","sameAs":"http:\/\/www.bibliomedia.ch\/fr"},"offers":{"@type":"Offer","price":"50","priceCurrency":"USD","url":"https:\/\/bibliovaud.ch\/?tribe_events=formation-quelle-place-en-bibliotheque-pour-les-voix-des-personnes-requerantes-dasile","category":"primary","availability":"inStock","validFrom":"2026-03-11T02:23:00+00:00"},"performer":"Organization"}}