{"id":14826,"global_id":"bibliovaud.ch?id=14826","global_id_lineage":["bibliovaud.ch?id=14826"],"author":"6","status":"publish","date":"2023-03-10 11:36:11","date_utc":"2023-03-10 10:36:11","modified":"2023-03-10 11:36:11","modified_utc":"2023-03-10 10:36:11","url":"https:\/\/bibliovaud.ch\/?tribe_events=groupe-de-discussion-un-programme-dedie-aux-cultures-afro-descendantes-en-bibliotheque","rest_url":"https:\/\/bibliovaud.ch\/index.php?rest_route=\/tribe\/events\/v1\/events\/14826","title":"Groupe de discussion : un programme d\u00e9di\u00e9 aux cultures afro-descendantes en biblioth\u00e8que","description":"Nous vous proposons une discussion ouverte dans le cadre du\u00a0groupe de discussion m\u00e9diation culturelle et accueil des publics\u00a0qui aura lieu le mardi 27 juin 2023 de 10h30 \u00e0 12h.\n\n\nPr\u00e9sentation du programme d\u00e9di\u00e9 aux cultures afro-descendantes \u00ab\u00a0On n\u2019a plus votre temps\u00a0\u00bb de la Biblioth\u00e8que de Vevey par Myl\u00e8ne Badoux, responsable de la m\u00e9diation culturelle et Pamela Ohene-Nyako, fondatrice d\u2019Afrolitt.\nIl s\u2019agira notamment de se poser la question de comment visibiliser les cultures afro-descendantes dans les collections et les actions de m\u00e9diation quand une \u00e9quipe est compos\u00e9e uniquement ou en grande majorit\u00e9 de personnes blanches.\nLa rencontre est suivie d\u2019une discussion ouverte et d\u2019un [...]<div class=\"post-theming-cleared\"> <\/div>","excerpt":"<div class=\"post-theming-cleared\"> <\/div>","slug":"groupe-de-discussion-un-programme-dedie-aux-cultures-afro-descendantes-en-bibliotheque","image":false,"all_day":false,"start_date":"2023-06-27 10:30:00","start_date_details":{"year":"2023","month":"06","day":"27","hour":"10","minutes":"30","seconds":"00"},"end_date":"2023-06-27 12:00:00","end_date_details":{"year":"2023","month":"06","day":"27","hour":"12","minutes":"00","seconds":"00"},"utc_start_date":"2023-06-27 08:30:00","utc_start_date_details":{"year":"2023","month":"06","day":"27","hour":"08","minutes":"30","seconds":"00"},"utc_end_date":"2023-06-27 10:00:00","utc_end_date_details":{"year":"2023","month":"06","day":"27","hour":"10","minutes":"00","seconds":"00"},"timezone":"Europe\/Zurich","timezone_abbr":"CEST","cost":"","cost_details":{"currency_symbol":"","currency_code":"","currency_position":"prefix","values":[]},"website":"","show_map":true,"show_map_link":true,"hide_from_listings":false,"sticky":false,"featured":false,"categories":[{"name":"Conf\u00e9rence","slug":"conference","term_group":0,"term_taxonomy_id":460,"taxonomy":"tribe_events_cat","description":"","parent":0,"count":76,"filter":"raw","id":459,"urls":{"self":"https:\/\/bibliovaud.ch\/index.php?rest_route=\/tribe\/events\/v1\/categories\/459","collection":"https:\/\/bibliovaud.ch\/index.php?rest_route=\/tribe\/events\/v1\/categories"}},{"name":"Ev\u00e9nement","slug":"evenement","term_group":0,"term_taxonomy_id":367,"taxonomy":"tribe_events_cat","description":"","parent":0,"count":149,"filter":"raw","id":366,"urls":{"self":"https:\/\/bibliovaud.ch\/index.php?rest_route=\/tribe\/events\/v1\/categories\/366","collection":"https:\/\/bibliovaud.ch\/index.php?rest_route=\/tribe\/events\/v1\/categories"}}],"tags":[],"venue":{"id":7196,"author":"6","status":"publish","date":"2020-02-18 13:38:47","date_utc":"2020-02-18 12:38:47","modified":"2020-02-18 13:38:47","modified_utc":"2020-02-18 12:38:47","url":"https:\/\/bibliovaud.ch\/?tribe_venue=bibliomedia-lausanne-2","venue":"Bibliomedia &#8211; Lausanne","description":"<div class=\"post-theming-cleared\"> <\/div>","excerpt":"<div class=\"post-theming-cleared\"> <\/div>","slug":"bibliomedia-lausanne-2","address":"Rue C\u00e9sar-Roux 34","city":"Lausanne","country":"Switzerland","zip":"1005","phone":"021 340 70 30","website":"www.bibliomedia.ch","json_ld":{"@type":"Place","name":"Bibliomedia &#8211; Lausanne","description":"","url":"","address":{"@type":"PostalAddress","streetAddress":"Rue C\u00e9sar-Roux 34","addressLocality":"Lausanne","postalCode":"1005","addressCountry":"Switzerland"},"telephone":"021 340 70 30","sameAs":"www.bibliomedia.ch"},"show_map":true,"show_map_link":true,"global_id":"bibliovaud.ch?id=7196","global_id_lineage":["bibliovaud.ch?id=7196"]},"organizer":[{"id":7199,"author":"6","status":"publish","date":"2019-03-22 11:50:11","date_utc":"2019-03-22 10:50:11","modified":"2019-03-22 11:50:11","modified_utc":"2019-03-22 10:50:11","url":"https:\/\/bibliovaud.ch\/?tribe_organizer=bibliomedia-lausanne","organizer":"Bibliomedia &#8211; Lausanne","description":"<div class=\"post-theming-cleared\"> <\/div>","excerpt":"<div class=\"post-theming-cleared\"> <\/div>","slug":"bibliomedia-lausanne","phone":"021 340 70 30","website":"www.bibliomedia.ch\/fr","json_ld":{"@type":"Person","name":"Bibliomedia &#8211; Lausanne","description":"","url":"http:\/\/www.bibliomedia.ch\/fr","telephone":"021 340 70 30","email":"","sameAs":"http:\/\/www.bibliomedia.ch\/fr"},"global_id":"bibliovaud.ch?id=7199","global_id_lineage":["bibliovaud.ch?id=7199"]}],"custom_fields":[],"json_ld":{"@context":"http:\/\/schema.org","@type":"Event","name":"Groupe de discussion : un programme d\u00e9di\u00e9 aux cultures afro-descendantes en biblioth\u00e8que","description":"&lt;p&gt;Nous vous proposons une discussion ouverte dans le cadre du\u00a0groupe de discussion m\u00e9diation culturelle et accueil des publics\u00a0qui aura lieu le mardi 27 juin 2023 de 10h30 \u00e0 12h. Pr\u00e9sentation &hellip; &lt;a href=&quot;https:\/\/bibliovaud.ch\/?tribe_events=groupe-de-discussion-un-programme-dedie-aux-cultures-afro-descendantes-en-bibliotheque&quot; class=&quot;more-link&quot;&gt;Continuer la lecture&lt;span class=&quot;screen-reader-text&quot;&gt; de &laquo;&nbsp;Groupe de discussion : un programme d\u00e9di\u00e9 aux cultures afro-descendantes en biblioth\u00e8que&nbsp;&raquo;&lt;\/span&gt;&lt;\/a&gt;&lt;\/p&gt;\\n","url":"https:\/\/bibliovaud.ch\/?tribe_events=groupe-de-discussion-un-programme-dedie-aux-cultures-afro-descendantes-en-bibliotheque","eventAttendanceMode":"https:\/\/schema.org\/OfflineEventAttendanceMode","eventStatus":"https:\/\/schema.org\/EventScheduled","startDate":"2023-06-27T10:30:00+02:00","endDate":"2023-06-27T12:00:00+02:00","location":{"@type":"Place","name":"Bibliomedia &#8211; Lausanne","description":"","url":"","address":{"@type":"PostalAddress","streetAddress":"Rue C\u00e9sar-Roux 34","addressLocality":"Lausanne","postalCode":"1005","addressCountry":"Switzerland"},"telephone":"021 340 70 30","sameAs":"www.bibliomedia.ch"},"organizer":{"@type":"Person","name":"Bibliomedia &#8211; Lausanne","description":"","url":"http:\/\/www.bibliomedia.ch\/fr","telephone":"021 340 70 30","email":"","sameAs":"http:\/\/www.bibliomedia.ch\/fr"},"performer":"Organization"}}