{"id":14850,"global_id":"bibliovaud.ch?id=14850","global_id_lineage":["bibliovaud.ch?id=14850"],"author":"10","status":"publish","date":"2023-06-05 15:15:19","date_utc":"2023-06-05 13:15:19","modified":"2023-06-05 15:15:19","modified_utc":"2023-06-05 13:15:19","url":"https:\/\/bibliovaud.ch\/?tribe_events=45-min-le-droit-du-logement","rest_url":"https:\/\/bibliovaud.ch\/index.php?rest_route=\/tribe\/events\/v1\/events\/14850","title":"-45 min : le droit du logement","description":"12h15-13h\nAvec Isabelle Dubois, consultante de l\u2019ASLOCA Vevey\nEn Suisse, et particuli\u00e8rement dans le canton de Vaud, la majorit\u00e9 des personnes sont locataires de leur logement. Or, leurs droits ne sont pas toujours clairs, ni connus.\u00a0\nCe rendez-vous -45 min donnera des conseils pratiques et des bonnes choses \u00e0 savoir lorsque l&#8217;on cherche un logement, pose un dossier, emm\u00e9nage, ou rencontre des probl\u00e8mes dans son appartement ou maison lou\u00e9.\u00a0\nL\u2019ASLOCA (Association suisse des locataires) est une association qui a pour objectifs d\u2019informer les locataires sur leurs droits et de d\u00e9fendre leurs int\u00e9r\u00eats. \n<div class=\"post-theming-cleared\"> <\/div>","excerpt":"<div class=\"post-theming-cleared\"> <\/div>","slug":"45-min-le-droit-du-logement","image":{"url":"https:\/\/bibliovaud.ch\/wp-content\/uploads\/21.jpg","id":14851,"extension":"jpg","width":1920,"height":1080,"sizes":{"medium":{"width":300,"height":169,"mime-type":"image\/jpeg","url":"https:\/\/bibliovaud.ch\/wp-content\/uploads\/21-300x169.jpg"},"thumbnail":{"width":100,"height":100,"mime-type":"image\/jpeg","url":"https:\/\/bibliovaud.ch\/wp-content\/uploads\/21-100x100.jpg"},"medium_large":{"width":768,"height":432,"mime-type":"image\/jpeg","url":"https:\/\/bibliovaud.ch\/wp-content\/uploads\/21-768x432.jpg"},"post-theming-row-1":{"width":170,"height":170,"mime-type":"image\/jpeg","url":"https:\/\/bibliovaud.ch\/wp-content\/uploads\/21-170x170.jpg"},"1536x1536":{"width":1536,"height":864,"mime-type":"image\/jpeg","url":"https:\/\/bibliovaud.ch\/wp-content\/uploads\/21-1536x864.jpg"},"post-thumbnail":{"width":1200,"height":675,"mime-type":"image\/jpeg","url":"https:\/\/bibliovaud.ch\/wp-content\/uploads\/21-1200x675.jpg"}}},"all_day":false,"start_date":"2023-09-07 12:15:00","start_date_details":{"year":"2023","month":"09","day":"07","hour":"12","minutes":"15","seconds":"00"},"end_date":"2023-09-07 13:00:00","end_date_details":{"year":"2023","month":"09","day":"07","hour":"13","minutes":"00","seconds":"00"},"utc_start_date":"2023-09-07 10:15:00","utc_start_date_details":{"year":"2023","month":"09","day":"07","hour":"10","minutes":"15","seconds":"00"},"utc_end_date":"2023-09-07 11:00:00","utc_end_date_details":{"year":"2023","month":"09","day":"07","hour":"11","minutes":"00","seconds":"00"},"timezone":"Europe\/Zurich","timezone_abbr":"CEST","cost":"Gratuit","cost_details":{"currency_symbol":"","currency_code":"","currency_position":"prefix","values":["0"]},"website":"https:\/\/biblio.vevey.ch\/","show_map":false,"show_map_link":false,"hide_from_listings":false,"sticky":false,"featured":false,"categories":[{"name":"Atelier","slug":"atelier","term_group":0,"term_taxonomy_id":365,"taxonomy":"tribe_events_cat","description":"","parent":0,"count":243,"filter":"raw","id":364,"urls":{"self":"https:\/\/bibliovaud.ch\/index.php?rest_route=\/tribe\/events\/v1\/categories\/364","collection":"https:\/\/bibliovaud.ch\/index.php?rest_route=\/tribe\/events\/v1\/categories"}},{"name":"Conf\u00e9rence","slug":"conference","term_group":0,"term_taxonomy_id":460,"taxonomy":"tribe_events_cat","description":"","parent":0,"count":76,"filter":"raw","id":459,"urls":{"self":"https:\/\/bibliovaud.ch\/index.php?rest_route=\/tribe\/events\/v1\/categories\/459","collection":"https:\/\/bibliovaud.ch\/index.php?rest_route=\/tribe\/events\/v1\/categories"}}],"tags":[],"venue":{"id":6679,"author":"10","status":"publish","date":"2018-12-11 14:31:09","date_utc":"2018-12-11 13:31:09","modified":"2018-12-11 14:31:09","modified_utc":"2018-12-11 13:31:09","url":"https:\/\/bibliovaud.ch\/?tribe_venue=bibliotheque-municipale-de-vevey","venue":"Biblioth\u00e8que municipale de Vevey","description":"<div class=\"post-theming-cleared\"> <\/div>","excerpt":"<div class=\"post-theming-cleared\"> <\/div>","slug":"bibliotheque-municipale-de-vevey","address":"Quai Perdonnet 33","city":"Vevey","country":"Suisse","zip":"1800","phone":"021 925 59 60","website":"http:\/\/biblio.vevey.ch","json_ld":{"@type":"Place","name":"Biblioth\u00e8que municipale de Vevey","description":"","url":"","address":{"@type":"PostalAddress","streetAddress":"Quai Perdonnet 33","addressLocality":"Vevey","postalCode":"1800","addressCountry":"Suisse"},"telephone":"021 925 59 60","sameAs":"http:\/\/biblio.vevey.ch"},"show_map":true,"show_map_link":true,"global_id":"bibliovaud.ch?id=6679","global_id_lineage":["bibliovaud.ch?id=6679"]},"organizer":[{"id":13349,"author":"10","status":"publish","date":"2021-01-12 16:01:29","date_utc":"2021-01-12 15:01:29","modified":"2021-01-12 16:01:29","modified_utc":"2021-01-12 15:01:29","url":"https:\/\/bibliovaud.ch\/?tribe_organizer=bibliotheque-municipale-de-vevey","organizer":"Biblioth\u00e8que municipale de Vevey","description":"<div class=\"post-theming-cleared\"> <\/div>","excerpt":"<div class=\"post-theming-cleared\"> <\/div>","slug":"bibliotheque-municipale-de-vevey","phone":"021 925 59 60","website":"biblio.vevey.ch","email":"biblio@vevey.ch","json_ld":{"@type":"Person","name":"Biblioth\u00e8que municipale de Vevey","description":"","url":"http:\/\/biblio.vevey.ch","telephone":"021 925 59 60","email":"bibl&#105;o&#64;&#118;ev&#101;y.&#99;h","sameAs":"http:\/\/biblio.vevey.ch"},"global_id":"bibliovaud.ch?id=13349","global_id_lineage":["bibliovaud.ch?id=13349"]}],"custom_fields":[],"json_ld":{"@context":"http:\/\/schema.org","@type":"Event","name":"-45 min : le droit du logement","description":"&lt;p&gt;12h15-13h Avec Isabelle Dubois, consultante de l\u2019ASLOCA Vevey En Suisse, et particuli\u00e8rement dans le canton de Vaud, la majorit\u00e9 des personnes sont locataires de leur logement. Or, leurs droits ne &hellip; &lt;a href=&quot;https:\/\/bibliovaud.ch\/?tribe_events=45-min-le-droit-du-logement&quot; class=&quot;more-link&quot;&gt;Continuer la lecture&lt;span class=&quot;screen-reader-text&quot;&gt; de &laquo;&nbsp;-45 min : le droit du logement&nbsp;&raquo;&lt;\/span&gt;&lt;\/a&gt;&lt;\/p&gt;\\n","image":"https:\/\/bibliovaud.ch\/wp-content\/uploads\/21.jpg","url":"https:\/\/bibliovaud.ch\/?tribe_events=45-min-le-droit-du-logement","eventAttendanceMode":"https:\/\/schema.org\/OfflineEventAttendanceMode","eventStatus":"https:\/\/schema.org\/EventScheduled","startDate":"2023-09-07T12:15:00+02:00","endDate":"2023-09-07T13:00:00+02:00","location":{"@type":"Place","name":"Biblioth\u00e8que municipale de Vevey","description":"","url":"","address":{"@type":"PostalAddress","streetAddress":"Quai Perdonnet 33","addressLocality":"Vevey","postalCode":"1800","addressCountry":"Suisse"},"telephone":"021 925 59 60","sameAs":"http:\/\/biblio.vevey.ch"},"organizer":{"@type":"Person","name":"Biblioth\u00e8que municipale de Vevey","description":"","url":"http:\/\/biblio.vevey.ch","telephone":"021 925 59 60","email":"&#98;i&#98;&#108;io&#64;&#118;e&#118;e&#121;.&#99;h","sameAs":"http:\/\/biblio.vevey.ch"},"offers":{"@type":"Offer","price":"0","priceCurrency":"USD","url":"https:\/\/bibliovaud.ch\/?tribe_events=45-min-le-droit-du-logement","category":"primary","availability":"inStock","validFrom":"1970-01-01T00:00:00+00:00"},"performer":"Organization"}}