{"id":15838,"global_id":"bibliovaud.ch?id=15838","global_id_lineage":["bibliovaud.ch?id=15838"],"author":"10","status":"publish","date":"2024-12-11 10:24:49","date_utc":"2024-12-11 09:24:49","modified":"2024-12-11 10:24:49","modified_utc":"2024-12-11 09:24:49","url":"https:\/\/bibliovaud.ch\/?tribe_events=a-voix-haute-lectures-inclusive","rest_url":"https:\/\/bibliovaud.ch\/index.php?rest_route=\/tribe\/events\/v1\/events\/15838","title":"\u00c0 voix haute : lectures inclusive","description":"Avec C\u00e9line Witschard, Alex Bernier et Romaine Girod\nInterpr\u00e8te LSF : Lorette Gervaix\nQuand nous avons propos\u00e9 \u00e0 C\u00e9line Witschard d&#8217;organiser une s\u00e9ance de lecture dans le noir, elle nous a r\u00e9pondu : \u00ab C&#8217;est tr\u00e8s tendance mais cela ne sert \u00e0 rien aux personnes concern\u00e9es \u00bb. Et si le temps d&#8217;une soir\u00e9e, notre passion pour la lecture nous r\u00e9unissait gr\u00e2ce au handicap ?\nTrois textes issus de deux recueils de nouvelles de Paulette \u00e9ditrice (\u00ab Cuisson au feu de bois \u00bb et \u00ab Goudous o\u00f9 \u00eates-vous ? \u00bb) seront lus \u00e0 voix haute \u00e0 partir du braille et de grands caract\u00e8res. Ils [...]<div class=\"post-theming-cleared\"> <\/div>","excerpt":"<div class=\"post-theming-cleared\"> <\/div>","slug":"a-voix-haute-lectures-inclusive","image":{"url":"https:\/\/bibliovaud.ch\/wp-content\/uploads\/14-2.jpg","id":15839,"extension":"jpg","width":1920,"height":1080,"sizes":{"medium":{"width":300,"height":169,"mime-type":"image\/jpeg","url":"https:\/\/bibliovaud.ch\/wp-content\/uploads\/14-2-300x169.jpg"},"thumbnail":{"width":100,"height":100,"mime-type":"image\/jpeg","url":"https:\/\/bibliovaud.ch\/wp-content\/uploads\/14-2-100x100.jpg"},"medium_large":{"width":768,"height":432,"mime-type":"image\/jpeg","url":"https:\/\/bibliovaud.ch\/wp-content\/uploads\/14-2-768x432.jpg"},"post-theming-row-1":{"width":170,"height":170,"mime-type":"image\/jpeg","url":"https:\/\/bibliovaud.ch\/wp-content\/uploads\/14-2-170x170.jpg"},"1536x1536":{"width":1536,"height":864,"mime-type":"image\/jpeg","url":"https:\/\/bibliovaud.ch\/wp-content\/uploads\/14-2-1536x864.jpg"},"post-thumbnail":{"width":1200,"height":675,"mime-type":"image\/jpeg","url":"https:\/\/bibliovaud.ch\/wp-content\/uploads\/14-2-1200x675.jpg"}}},"all_day":false,"start_date":"2025-02-13 18:30:00","start_date_details":{"year":"2025","month":"02","day":"13","hour":"18","minutes":"30","seconds":"00"},"end_date":"2025-02-13 20:00:00","end_date_details":{"year":"2025","month":"02","day":"13","hour":"20","minutes":"00","seconds":"00"},"utc_start_date":"2025-02-13 17:30:00","utc_start_date_details":{"year":"2025","month":"02","day":"13","hour":"17","minutes":"30","seconds":"00"},"utc_end_date":"2025-02-13 19:00:00","utc_end_date_details":{"year":"2025","month":"02","day":"13","hour":"19","minutes":"00","seconds":"00"},"timezone":"Europe\/Zurich","timezone_abbr":"CET","cost":"gratuit","cost_details":{"currency_symbol":"","currency_code":"","currency_position":"prefix","values":["gratuit"]},"website":"https:\/\/biblio.vevey.ch\/Default\/doc\/CALENDAR\/169\/a-voix-hautes-lectures-inclusives","show_map":true,"show_map_link":true,"hide_from_listings":false,"sticky":false,"featured":false,"categories":[{"name":"Conf\u00e9rence","slug":"conference","term_group":0,"term_taxonomy_id":460,"taxonomy":"tribe_events_cat","description":"","parent":0,"count":76,"filter":"raw","id":459,"urls":{"self":"https:\/\/bibliovaud.ch\/index.php?rest_route=\/tribe\/events\/v1\/categories\/459","collection":"https:\/\/bibliovaud.ch\/index.php?rest_route=\/tribe\/events\/v1\/categories"}}],"tags":[],"venue":{"id":6679,"author":"10","status":"publish","date":"2018-12-11 14:31:09","date_utc":"2018-12-11 13:31:09","modified":"2018-12-11 14:31:09","modified_utc":"2018-12-11 13:31:09","url":"https:\/\/bibliovaud.ch\/?tribe_venue=bibliotheque-municipale-de-vevey","venue":"Biblioth\u00e8que municipale de Vevey","description":"<div class=\"post-theming-cleared\"> <\/div>","excerpt":"<div class=\"post-theming-cleared\"> <\/div>","slug":"bibliotheque-municipale-de-vevey","address":"Quai Perdonnet 33","city":"Vevey","country":"Suisse","zip":"1800","phone":"021 925 59 60","website":"http:\/\/biblio.vevey.ch","json_ld":{"@type":"Place","name":"Biblioth\u00e8que municipale de Vevey","description":"","url":"","address":{"@type":"PostalAddress","streetAddress":"Quai Perdonnet 33","addressLocality":"Vevey","postalCode":"1800","addressCountry":"Suisse"},"telephone":"021 925 59 60","sameAs":"http:\/\/biblio.vevey.ch"},"show_map":true,"show_map_link":true,"global_id":"bibliovaud.ch?id=6679","global_id_lineage":["bibliovaud.ch?id=6679"]},"organizer":[{"id":13349,"author":"10","status":"publish","date":"2021-01-12 16:01:29","date_utc":"2021-01-12 15:01:29","modified":"2021-01-12 16:01:29","modified_utc":"2021-01-12 15:01:29","url":"https:\/\/bibliovaud.ch\/?tribe_organizer=bibliotheque-municipale-de-vevey","organizer":"Biblioth\u00e8que municipale de Vevey","description":"<div class=\"post-theming-cleared\"> <\/div>","excerpt":"<div class=\"post-theming-cleared\"> <\/div>","slug":"bibliotheque-municipale-de-vevey","phone":"021 925 59 60","website":"biblio.vevey.ch","email":"biblio@vevey.ch","json_ld":{"@type":"Person","name":"Biblioth\u00e8que municipale de Vevey","description":"","url":"http:\/\/biblio.vevey.ch","telephone":"021 925 59 60","email":"bi&#98;l&#105;&#111;&#64;&#118;e&#118;e&#121;.&#99;h","sameAs":"http:\/\/biblio.vevey.ch"},"global_id":"bibliovaud.ch?id=13349","global_id_lineage":["bibliovaud.ch?id=13349"]}],"custom_fields":[],"json_ld":{"@context":"http:\/\/schema.org","@type":"Event","name":"\u00c0 voix haute : lectures inclusive","description":"&lt;p&gt;Avec C\u00e9line Witschard, Alex Bernier et Romaine Girod Interpr\u00e8te LSF : Lorette Gervaix Quand nous avons propos\u00e9 \u00e0 C\u00e9line Witschard d\\'organiser une s\u00e9ance de lecture dans le noir, elle nous &hellip; &lt;a href=&quot;https:\/\/bibliovaud.ch\/?tribe_events=a-voix-haute-lectures-inclusive&quot; class=&quot;more-link&quot;&gt;Continuer la lecture&lt;span class=&quot;screen-reader-text&quot;&gt; de &laquo;&nbsp;\u00c0 voix haute : lectures inclusive&nbsp;&raquo;&lt;\/span&gt;&lt;\/a&gt;&lt;\/p&gt;\\n","image":"https:\/\/bibliovaud.ch\/wp-content\/uploads\/14-2.jpg","url":"https:\/\/bibliovaud.ch\/?tribe_events=a-voix-haute-lectures-inclusive","eventAttendanceMode":"https:\/\/schema.org\/OfflineEventAttendanceMode","eventStatus":"https:\/\/schema.org\/EventScheduled","startDate":"2025-02-13T18:30:00+01:00","endDate":"2025-02-13T20:00:00+01:00","location":{"@type":"Place","name":"Biblioth\u00e8que municipale de Vevey","description":"","url":"","address":{"@type":"PostalAddress","streetAddress":"Quai Perdonnet 33","addressLocality":"Vevey","postalCode":"1800","addressCountry":"Suisse"},"telephone":"021 925 59 60","sameAs":"http:\/\/biblio.vevey.ch"},"organizer":{"@type":"Person","name":"Biblioth\u00e8que municipale de Vevey","description":"","url":"http:\/\/biblio.vevey.ch","telephone":"021 925 59 60","email":"bi&#98;&#108;&#105;&#111;&#64;v&#101;v&#101;&#121;.c&#104;","sameAs":"http:\/\/biblio.vevey.ch"},"offers":{"@type":"Offer","price":"0","priceCurrency":"USD","url":"https:\/\/bibliovaud.ch\/?tribe_events=a-voix-haute-lectures-inclusive","category":"primary","availability":"inStock","validFrom":"1970-01-01T00:00:00+00:00"},"performer":"Organization"}}