{"id":15865,"global_id":"bibliovaud.ch?id=15865","global_id_lineage":["bibliovaud.ch?id=15865"],"author":"10","status":"publish","date":"2024-12-11 11:46:43","date_utc":"2024-12-11 10:46:43","modified":"2024-12-11 11:46:43","modified_utc":"2024-12-11 10:46:43","url":"https:\/\/bibliovaud.ch\/?tribe_events=biblioweekend-2","rest_url":"https:\/\/bibliovaud.ch\/index.php?rest_route=\/tribe\/events\/v1\/events\/15865","title":"BiblioWeekend","description":"Le monde des sourd\u00b7e\u00b7s\nOuverture exceptionnelle de la Biblioth\u00e8que de 10h \u00e0 17h\nUne journ\u00e9e d\u00e9di\u00e9e \u00e0 notre cycle Culture pour touxtes !\n10h-16h : J\u2019emprunte en langue des signes ! \nAvec l&#8217;Association Suisse Romande de Langue des Signes\nIn\u00e9dit ! Pour cette journ\u00e9e, notre \u00e9quipe de biblioth\u00e9caires \u00e9change leurs postes avec des personnes sourdes ! Empruntez et retournez vos documents en Langue des Signes Fran\u00e7aise (LSF) ! Des interpr\u00e8tes seront pr\u00e9sent\u00b7e\u00b7s pour vous aider.\n10h-15h30 : Discussion en Langue des Signes Fran\u00e7aise\nAvec Viviane Boson et Franco Vullo\nTout public\nLa LSF est une langue \u00e0 part enti\u00e8re avec une grammaire et une syntaxe complexes. Elle ne [...]<div class=\"post-theming-cleared\"> <\/div>","excerpt":"<div class=\"post-theming-cleared\"> <\/div>","slug":"biblioweekend-2","image":{"url":"https:\/\/bibliovaud.ch\/wp-content\/uploads\/18-2.jpg","id":15866,"extension":"jpg","width":1920,"height":1080,"sizes":{"medium":{"width":300,"height":169,"mime-type":"image\/jpeg","url":"https:\/\/bibliovaud.ch\/wp-content\/uploads\/18-2-300x169.jpg"},"thumbnail":{"width":100,"height":100,"mime-type":"image\/jpeg","url":"https:\/\/bibliovaud.ch\/wp-content\/uploads\/18-2-100x100.jpg"},"medium_large":{"width":768,"height":432,"mime-type":"image\/jpeg","url":"https:\/\/bibliovaud.ch\/wp-content\/uploads\/18-2-768x432.jpg"},"post-theming-row-1":{"width":170,"height":170,"mime-type":"image\/jpeg","url":"https:\/\/bibliovaud.ch\/wp-content\/uploads\/18-2-170x170.jpg"},"1536x1536":{"width":1536,"height":864,"mime-type":"image\/jpeg","url":"https:\/\/bibliovaud.ch\/wp-content\/uploads\/18-2-1536x864.jpg"},"post-thumbnail":{"width":1200,"height":675,"mime-type":"image\/jpeg","url":"https:\/\/bibliovaud.ch\/wp-content\/uploads\/18-2-1200x675.jpg"}}},"all_day":false,"start_date":"2025-03-30 10:00:00","start_date_details":{"year":"2025","month":"03","day":"30","hour":"10","minutes":"00","seconds":"00"},"end_date":"2025-03-30 17:00:00","end_date_details":{"year":"2025","month":"03","day":"30","hour":"17","minutes":"00","seconds":"00"},"utc_start_date":"2025-03-30 08:00:00","utc_start_date_details":{"year":"2025","month":"03","day":"30","hour":"08","minutes":"00","seconds":"00"},"utc_end_date":"2025-03-30 15:00:00","utc_end_date_details":{"year":"2025","month":"03","day":"30","hour":"15","minutes":"00","seconds":"00"},"timezone":"Europe\/Zurich","timezone_abbr":"CEST","cost":"gratuit","cost_details":{"currency_symbol":"","currency_code":"","currency_position":"prefix","values":["gratuit"]},"website":"https:\/\/biblio.vevey.ch\/Default\/doc\/CALENDAR\/181\/biblioweekend","show_map":true,"show_map_link":true,"hide_from_listings":false,"sticky":false,"featured":false,"categories":[{"name":"BiblioWeekend","slug":"biblioweekend","term_group":0,"term_taxonomy_id":511,"taxonomy":"tribe_events_cat","description":"","parent":366,"count":19,"filter":"raw","id":510,"urls":{"self":"https:\/\/bibliovaud.ch\/index.php?rest_route=\/tribe\/events\/v1\/categories\/510","collection":"https:\/\/bibliovaud.ch\/index.php?rest_route=\/tribe\/events\/v1\/categories","up":"https:\/\/bibliovaud.ch\/index.php?rest_route=\/tribe\/events\/v1\/categories\/366"}},{"name":"Ev\u00e9nement","slug":"evenement","term_group":0,"term_taxonomy_id":367,"taxonomy":"tribe_events_cat","description":"","parent":0,"count":149,"filter":"raw","id":366,"urls":{"self":"https:\/\/bibliovaud.ch\/index.php?rest_route=\/tribe\/events\/v1\/categories\/366","collection":"https:\/\/bibliovaud.ch\/index.php?rest_route=\/tribe\/events\/v1\/categories"}}],"tags":[],"venue":{"id":6679,"author":"10","status":"publish","date":"2018-12-11 14:31:09","date_utc":"2018-12-11 13:31:09","modified":"2018-12-11 14:31:09","modified_utc":"2018-12-11 13:31:09","url":"https:\/\/bibliovaud.ch\/?tribe_venue=bibliotheque-municipale-de-vevey","venue":"Biblioth\u00e8que municipale de Vevey","description":"<div class=\"post-theming-cleared\"> <\/div>","excerpt":"<div class=\"post-theming-cleared\"> <\/div>","slug":"bibliotheque-municipale-de-vevey","address":"Quai Perdonnet 33","city":"Vevey","country":"Suisse","zip":"1800","phone":"021 925 59 60","website":"http:\/\/biblio.vevey.ch","json_ld":{"@type":"Place","name":"Biblioth\u00e8que municipale de Vevey","description":"","url":"","address":{"@type":"PostalAddress","streetAddress":"Quai Perdonnet 33","addressLocality":"Vevey","postalCode":"1800","addressCountry":"Suisse"},"telephone":"021 925 59 60","sameAs":"http:\/\/biblio.vevey.ch"},"show_map":true,"show_map_link":true,"global_id":"bibliovaud.ch?id=6679","global_id_lineage":["bibliovaud.ch?id=6679"]},"organizer":[{"id":13349,"author":"10","status":"publish","date":"2021-01-12 16:01:29","date_utc":"2021-01-12 15:01:29","modified":"2021-01-12 16:01:29","modified_utc":"2021-01-12 15:01:29","url":"https:\/\/bibliovaud.ch\/?tribe_organizer=bibliotheque-municipale-de-vevey","organizer":"Biblioth\u00e8que municipale de Vevey","description":"<div class=\"post-theming-cleared\"> <\/div>","excerpt":"<div class=\"post-theming-cleared\"> <\/div>","slug":"bibliotheque-municipale-de-vevey","phone":"021 925 59 60","website":"biblio.vevey.ch","email":"biblio@vevey.ch","json_ld":{"@type":"Person","name":"Biblioth\u00e8que municipale de Vevey","description":"","url":"http:\/\/biblio.vevey.ch","telephone":"021 925 59 60","email":"&#98;&#105;bli&#111;&#64;&#118;e&#118;e&#121;&#46;&#99;h","sameAs":"http:\/\/biblio.vevey.ch"},"global_id":"bibliovaud.ch?id=13349","global_id_lineage":["bibliovaud.ch?id=13349"]}],"custom_fields":[],"json_ld":{"@context":"http:\/\/schema.org","@type":"Event","name":"BiblioWeekend","description":"&lt;p&gt;Le monde des sourd\u00b7e\u00b7s Ouverture exceptionnelle de la Biblioth\u00e8que de 10h \u00e0 17h Une journ\u00e9e d\u00e9di\u00e9e \u00e0 notre cycle Culture pour touxtes ! 10h-16h : J\u2019emprunte en langue des signes &hellip; &lt;a href=&quot;https:\/\/bibliovaud.ch\/?tribe_events=biblioweekend-2&quot; class=&quot;more-link&quot;&gt;Continuer la lecture&lt;span class=&quot;screen-reader-text&quot;&gt; de &laquo;&nbsp;BiblioWeekend&nbsp;&raquo;&lt;\/span&gt;&lt;\/a&gt;&lt;\/p&gt;\\n","image":"https:\/\/bibliovaud.ch\/wp-content\/uploads\/18-2.jpg","url":"https:\/\/bibliovaud.ch\/?tribe_events=biblioweekend-2","eventAttendanceMode":"https:\/\/schema.org\/OfflineEventAttendanceMode","eventStatus":"https:\/\/schema.org\/EventScheduled","startDate":"2025-03-30T10:00:00+02:00","endDate":"2025-03-30T17:00:00+02:00","location":{"@type":"Place","name":"Biblioth\u00e8que municipale de Vevey","description":"","url":"","address":{"@type":"PostalAddress","streetAddress":"Quai Perdonnet 33","addressLocality":"Vevey","postalCode":"1800","addressCountry":"Suisse"},"telephone":"021 925 59 60","sameAs":"http:\/\/biblio.vevey.ch"},"organizer":{"@type":"Person","name":"Biblioth\u00e8que municipale de Vevey","description":"","url":"http:\/\/biblio.vevey.ch","telephone":"021 925 59 60","email":"&#98;i&#98;&#108;&#105;o&#64;&#118;&#101;&#118;&#101;&#121;.&#99;&#104;","sameAs":"http:\/\/biblio.vevey.ch"},"offers":{"@type":"Offer","price":"0","priceCurrency":"USD","url":"https:\/\/bibliovaud.ch\/?tribe_events=biblioweekend-2","category":"primary","availability":"inStock","validFrom":"1970-01-01T00:00:00+00:00"},"performer":"Organization"}}