{"id":15872,"global_id":"bibliovaud.ch?id=15872","global_id_lineage":["bibliovaud.ch?id=15872"],"author":"10","status":"publish","date":"2024-12-11 11:52:08","date_utc":"2024-12-11 10:52:08","modified":"2024-12-11 11:52:08","modified_utc":"2024-12-11 10:52:08","url":"https:\/\/bibliovaud.ch\/?tribe_events=la-suisse-est-elle-handi-friendly","rest_url":"https:\/\/bibliovaud.ch\/index.php?rest_route=\/tribe\/events\/v1\/events\/15872","title":"La Suisse est-elle &#8220;handi-friendly&#8221; ?","description":"Table ronde\nAvec Delphine Quach, Malick Reinhard, Olivier Zimmermann et Nicole Grieve\nMod\u00e9ration: C\u00e9line Witschard\nInterpr\u00e8tes LSF: Lorette Gervaix et M\u00e9lanie Monnard\nComment vit-on avec un handicap en Suisse aujourd&#8217;hui ? Et si on posait la question \u00e0 des personnes concern\u00e9es ? On vous l&#8217;annonce d\u00e9j\u00e0, une table ronde \u00e0 ne pas manquer !\nLe journaliste lausannois Malick Reinhard est fondateur d&#8217;un magazine culturel, producteur \u00e9ditorial et animateur de podcasts. Il collabore \u00e9galement avec divers m\u00e9dias suisses, tels que Le Temps, 24 heures ou la RTS. N\u00e9 avec une maladie g\u00e9n\u00e9tique rare, Malick cherche notamment \u00e0 renforcer et \u00ab normaliser \u00bb le d\u00e9bat sur les [...]<div class=\"post-theming-cleared\"> <\/div>","excerpt":"<div class=\"post-theming-cleared\"> <\/div>","slug":"la-suisse-est-elle-handi-friendly","image":{"url":"https:\/\/bibliovaud.ch\/wp-content\/uploads\/20-2.jpg","id":15873,"extension":"jpg","width":1920,"height":1080,"sizes":{"medium":{"width":300,"height":169,"mime-type":"image\/jpeg","url":"https:\/\/bibliovaud.ch\/wp-content\/uploads\/20-2-300x169.jpg"},"thumbnail":{"width":100,"height":100,"mime-type":"image\/jpeg","url":"https:\/\/bibliovaud.ch\/wp-content\/uploads\/20-2-100x100.jpg"},"medium_large":{"width":768,"height":432,"mime-type":"image\/jpeg","url":"https:\/\/bibliovaud.ch\/wp-content\/uploads\/20-2-768x432.jpg"},"post-theming-row-1":{"width":170,"height":170,"mime-type":"image\/jpeg","url":"https:\/\/bibliovaud.ch\/wp-content\/uploads\/20-2-170x170.jpg"},"1536x1536":{"width":1536,"height":864,"mime-type":"image\/jpeg","url":"https:\/\/bibliovaud.ch\/wp-content\/uploads\/20-2-1536x864.jpg"},"post-thumbnail":{"width":1200,"height":675,"mime-type":"image\/jpeg","url":"https:\/\/bibliovaud.ch\/wp-content\/uploads\/20-2-1200x675.jpg"}}},"all_day":false,"start_date":"2025-04-09 18:30:00","start_date_details":{"year":"2025","month":"04","day":"09","hour":"18","minutes":"30","seconds":"00"},"end_date":"2025-04-09 20:00:00","end_date_details":{"year":"2025","month":"04","day":"09","hour":"20","minutes":"00","seconds":"00"},"utc_start_date":"2025-04-09 16:30:00","utc_start_date_details":{"year":"2025","month":"04","day":"09","hour":"16","minutes":"30","seconds":"00"},"utc_end_date":"2025-04-09 18:00:00","utc_end_date_details":{"year":"2025","month":"04","day":"09","hour":"18","minutes":"00","seconds":"00"},"timezone":"Europe\/Zurich","timezone_abbr":"CEST","cost":"gratuit","cost_details":{"currency_symbol":"","currency_code":"","currency_position":"prefix","values":["gratuit"]},"website":"https:\/\/biblio.vevey.ch\/Default\/doc\/CALENDAR\/187\/la-suisse-est-elle-handi-friendly","show_map":true,"show_map_link":true,"hide_from_listings":false,"sticky":false,"featured":false,"categories":[{"name":"Conf\u00e9rence","slug":"conference","term_group":0,"term_taxonomy_id":460,"taxonomy":"tribe_events_cat","description":"","parent":0,"count":76,"filter":"raw","id":459,"urls":{"self":"https:\/\/bibliovaud.ch\/index.php?rest_route=\/tribe\/events\/v1\/categories\/459","collection":"https:\/\/bibliovaud.ch\/index.php?rest_route=\/tribe\/events\/v1\/categories"}}],"tags":[],"venue":{"id":6679,"author":"10","status":"publish","date":"2018-12-11 14:31:09","date_utc":"2018-12-11 13:31:09","modified":"2018-12-11 14:31:09","modified_utc":"2018-12-11 13:31:09","url":"https:\/\/bibliovaud.ch\/?tribe_venue=bibliotheque-municipale-de-vevey","venue":"Biblioth\u00e8que municipale de Vevey","description":"<div class=\"post-theming-cleared\"> <\/div>","excerpt":"<div class=\"post-theming-cleared\"> <\/div>","slug":"bibliotheque-municipale-de-vevey","address":"Quai Perdonnet 33","city":"Vevey","country":"Suisse","zip":"1800","phone":"021 925 59 60","website":"http:\/\/biblio.vevey.ch","json_ld":{"@type":"Place","name":"Biblioth\u00e8que municipale de Vevey","description":"","url":"","address":{"@type":"PostalAddress","streetAddress":"Quai Perdonnet 33","addressLocality":"Vevey","postalCode":"1800","addressCountry":"Suisse"},"telephone":"021 925 59 60","sameAs":"http:\/\/biblio.vevey.ch"},"show_map":true,"show_map_link":true,"global_id":"bibliovaud.ch?id=6679","global_id_lineage":["bibliovaud.ch?id=6679"]},"organizer":[{"id":13349,"author":"10","status":"publish","date":"2021-01-12 16:01:29","date_utc":"2021-01-12 15:01:29","modified":"2021-01-12 16:01:29","modified_utc":"2021-01-12 15:01:29","url":"https:\/\/bibliovaud.ch\/?tribe_organizer=bibliotheque-municipale-de-vevey","organizer":"Biblioth\u00e8que municipale de Vevey","description":"<div class=\"post-theming-cleared\"> <\/div>","excerpt":"<div class=\"post-theming-cleared\"> <\/div>","slug":"bibliotheque-municipale-de-vevey","phone":"021 925 59 60","website":"biblio.vevey.ch","email":"biblio@vevey.ch","json_ld":{"@type":"Person","name":"Biblioth\u00e8que municipale de Vevey","description":"","url":"http:\/\/biblio.vevey.ch","telephone":"021 925 59 60","email":"bi&#98;&#108;i&#111;&#64;&#118;e&#118;e&#121;&#46;&#99;h","sameAs":"http:\/\/biblio.vevey.ch"},"global_id":"bibliovaud.ch?id=13349","global_id_lineage":["bibliovaud.ch?id=13349"]}],"custom_fields":[],"json_ld":{"@context":"http:\/\/schema.org","@type":"Event","name":"La Suisse est-elle &#8220;handi-friendly&#8221; ?","description":"&lt;p&gt;Table ronde Avec Delphine Quach, Malick Reinhard, Olivier Zimmermann et Nicole Grieve Mod\u00e9ration: C\u00e9line Witschard Interpr\u00e8tes LSF: Lorette Gervaix et M\u00e9lanie Monnard Comment vit-on avec un handicap en Suisse aujourd\\'hui &hellip; &lt;a href=&quot;https:\/\/bibliovaud.ch\/?tribe_events=la-suisse-est-elle-handi-friendly&quot; class=&quot;more-link&quot;&gt;Continuer la lecture&lt;span class=&quot;screen-reader-text&quot;&gt; de &laquo;&nbsp;La Suisse est-elle &#8220;handi-friendly&#8221; ?&nbsp;&raquo;&lt;\/span&gt;&lt;\/a&gt;&lt;\/p&gt;\\n","image":"https:\/\/bibliovaud.ch\/wp-content\/uploads\/20-2.jpg","url":"https:\/\/bibliovaud.ch\/?tribe_events=la-suisse-est-elle-handi-friendly","eventAttendanceMode":"https:\/\/schema.org\/OfflineEventAttendanceMode","eventStatus":"https:\/\/schema.org\/EventScheduled","startDate":"2025-04-09T18:30:00+02:00","endDate":"2025-04-09T20:00:00+02:00","location":{"@type":"Place","name":"Biblioth\u00e8que municipale de Vevey","description":"","url":"","address":{"@type":"PostalAddress","streetAddress":"Quai Perdonnet 33","addressLocality":"Vevey","postalCode":"1800","addressCountry":"Suisse"},"telephone":"021 925 59 60","sameAs":"http:\/\/biblio.vevey.ch"},"organizer":{"@type":"Person","name":"Biblioth\u00e8que municipale de Vevey","description":"","url":"http:\/\/biblio.vevey.ch","telephone":"021 925 59 60","email":"&#98;ib&#108;&#105;o&#64;&#118;e&#118;ey.&#99;&#104;","sameAs":"http:\/\/biblio.vevey.ch"},"offers":{"@type":"Offer","price":"0","priceCurrency":"USD","url":"https:\/\/bibliovaud.ch\/?tribe_events=la-suisse-est-elle-handi-friendly","category":"primary","availability":"inStock","validFrom":"1970-01-01T00:00:00+00:00"},"performer":"Organization"}}