{"id":15916,"global_id":"bibliovaud.ch?id=15916","global_id_lineage":["bibliovaud.ch?id=15916"],"author":"10","status":"publish","date":"2024-12-11 12:21:37","date_utc":"2024-12-11 11:21:37","modified":"2024-12-11 12:21:37","modified_utc":"2024-12-11 11:21:37","url":"https:\/\/bibliovaud.ch\/?tribe_events=repair-cafe-et-vide-dressing-2","rest_url":"https:\/\/bibliovaud.ch\/index.php?rest_route=\/tribe\/events\/v1\/events\/15916","title":"Repair caf\u00e9 et vide-dressing","description":"Luttons contre l\u2019obsolescence programm\u00e9e et la fastfashion ! L\u2019id\u00e9e des Repair caf\u00e9s est simple : amenez un appareil (grille-pain, machine \u00e0 caf\u00e9\u2026) ou un habit.\nDes sp\u00e9cialistes* vous aideront \u00e0 r\u00e9parer ce qui peut l\u2019\u00eatre.\nAttention ! 1 objet \u00e0 r\u00e9parer par personne ! Les propri\u00e9taires effectuent autant que possible les r\u00e9parations eux-m\u00eames ou elles-m\u00eames avec l\u2019aide et les conseils des expert\u00b7e\u00b7s pr\u00e9sent\u00b7e\u00b7s.\n*Vous avez envie d\u2019aider \u00e0 r\u00e9parer ? Vous ma\u00eetrisez l\u2019\u00e9lectronique ou l\u2019informatique ou la m\u00e9canique ? Vous \u00eates une r\u00e9paratrice ou un r\u00e9parateur dans l\u2019\u00e2me ? N\u2019h\u00e9sitez pas \u00e0 rejoindre notre \u00e9quipe de b\u00e9n\u00e9voles !\nNOUVEAU ! Le Repair caf\u00e9 s&#8217;accompagne [...]<div class=\"post-theming-cleared\"> <\/div>","excerpt":"<div class=\"post-theming-cleared\"> <\/div>","slug":"repair-cafe-et-vide-dressing-2","image":{"url":"https:\/\/bibliovaud.ch\/wp-content\/uploads\/9-2.jpg","id":15917,"extension":"jpg","width":1920,"height":1080,"sizes":{"medium":{"width":300,"height":169,"mime-type":"image\/jpeg","url":"https:\/\/bibliovaud.ch\/wp-content\/uploads\/9-2-300x169.jpg"},"thumbnail":{"width":100,"height":100,"mime-type":"image\/jpeg","url":"https:\/\/bibliovaud.ch\/wp-content\/uploads\/9-2-100x100.jpg"},"medium_large":{"width":768,"height":432,"mime-type":"image\/jpeg","url":"https:\/\/bibliovaud.ch\/wp-content\/uploads\/9-2-768x432.jpg"},"post-theming-row-1":{"width":170,"height":170,"mime-type":"image\/jpeg","url":"https:\/\/bibliovaud.ch\/wp-content\/uploads\/9-2-170x170.jpg"},"1536x1536":{"width":1536,"height":864,"mime-type":"image\/jpeg","url":"https:\/\/bibliovaud.ch\/wp-content\/uploads\/9-2-1536x864.jpg"},"post-thumbnail":{"width":1200,"height":675,"mime-type":"image\/jpeg","url":"https:\/\/bibliovaud.ch\/wp-content\/uploads\/9-2-1200x675.jpg"}}},"all_day":false,"start_date":"2025-10-25 10:00:00","start_date_details":{"year":"2025","month":"10","day":"25","hour":"10","minutes":"00","seconds":"00"},"end_date":"2025-10-25 14:00:00","end_date_details":{"year":"2025","month":"10","day":"25","hour":"14","minutes":"00","seconds":"00"},"utc_start_date":"2025-10-25 08:00:00","utc_start_date_details":{"year":"2025","month":"10","day":"25","hour":"08","minutes":"00","seconds":"00"},"utc_end_date":"2025-10-25 12:00:00","utc_end_date_details":{"year":"2025","month":"10","day":"25","hour":"12","minutes":"00","seconds":"00"},"timezone":"Europe\/Zurich","timezone_abbr":"CEST","cost":"gratuit","cost_details":{"currency_symbol":"","currency_code":"","currency_position":"prefix","values":["gratuit"]},"website":"https:\/\/biblio.vevey.ch\/Default\/doc\/CALENDAR\/226\/repair-cafe-et-vide-dressing","show_map":true,"show_map_link":true,"hide_from_listings":false,"sticky":false,"featured":false,"categories":[{"name":"Repair caf\u00e9","slug":"repair-cafe","term_group":0,"term_taxonomy_id":522,"taxonomy":"tribe_events_cat","description":"","parent":0,"count":4,"filter":"raw","id":521,"urls":{"self":"https:\/\/bibliovaud.ch\/index.php?rest_route=\/tribe\/events\/v1\/categories\/521","collection":"https:\/\/bibliovaud.ch\/index.php?rest_route=\/tribe\/events\/v1\/categories"}}],"tags":[],"venue":{"id":6679,"author":"10","status":"publish","date":"2018-12-11 14:31:09","date_utc":"2018-12-11 13:31:09","modified":"2018-12-11 14:31:09","modified_utc":"2018-12-11 13:31:09","url":"https:\/\/bibliovaud.ch\/?tribe_venue=bibliotheque-municipale-de-vevey","venue":"Biblioth\u00e8que municipale de Vevey","description":"<div class=\"post-theming-cleared\"> <\/div>","excerpt":"<div class=\"post-theming-cleared\"> <\/div>","slug":"bibliotheque-municipale-de-vevey","address":"Quai Perdonnet 33","city":"Vevey","country":"Suisse","zip":"1800","phone":"021 925 59 60","website":"http:\/\/biblio.vevey.ch","json_ld":{"@type":"Place","name":"Biblioth\u00e8que municipale de Vevey","description":"","url":"","address":{"@type":"PostalAddress","streetAddress":"Quai Perdonnet 33","addressLocality":"Vevey","postalCode":"1800","addressCountry":"Suisse"},"telephone":"021 925 59 60","sameAs":"http:\/\/biblio.vevey.ch"},"show_map":true,"show_map_link":true,"global_id":"bibliovaud.ch?id=6679","global_id_lineage":["bibliovaud.ch?id=6679"]},"organizer":[{"id":13349,"author":"10","status":"publish","date":"2021-01-12 16:01:29","date_utc":"2021-01-12 15:01:29","modified":"2021-01-12 16:01:29","modified_utc":"2021-01-12 15:01:29","url":"https:\/\/bibliovaud.ch\/?tribe_organizer=bibliotheque-municipale-de-vevey","organizer":"Biblioth\u00e8que municipale de Vevey","description":"<div class=\"post-theming-cleared\"> <\/div>","excerpt":"<div class=\"post-theming-cleared\"> <\/div>","slug":"bibliotheque-municipale-de-vevey","phone":"021 925 59 60","website":"biblio.vevey.ch","email":"biblio@vevey.ch","json_ld":{"@type":"Person","name":"Biblioth\u00e8que municipale de Vevey","description":"","url":"http:\/\/biblio.vevey.ch","telephone":"021 925 59 60","email":"&#98;i&#98;&#108;i&#111;&#64;&#118;e&#118;&#101;&#121;.ch","sameAs":"http:\/\/biblio.vevey.ch"},"global_id":"bibliovaud.ch?id=13349","global_id_lineage":["bibliovaud.ch?id=13349"]}],"custom_fields":[],"json_ld":{"@context":"http:\/\/schema.org","@type":"Event","name":"Repair caf\u00e9 et vide-dressing","description":"&lt;p&gt;Luttons contre l\u2019obsolescence programm\u00e9e et la fastfashion ! L\u2019id\u00e9e des Repair caf\u00e9s est simple : amenez un appareil (grille-pain, machine \u00e0 caf\u00e9\u2026) ou un habit. Des sp\u00e9cialistes* vous aideront \u00e0 &hellip; &lt;a href=&quot;https:\/\/bibliovaud.ch\/?tribe_events=repair-cafe-et-vide-dressing-2&quot; class=&quot;more-link&quot;&gt;Continuer la lecture&lt;span class=&quot;screen-reader-text&quot;&gt; de &laquo;&nbsp;Repair caf\u00e9 et vide-dressing&nbsp;&raquo;&lt;\/span&gt;&lt;\/a&gt;&lt;\/p&gt;\\n","image":"https:\/\/bibliovaud.ch\/wp-content\/uploads\/9-2.jpg","url":"https:\/\/bibliovaud.ch\/?tribe_events=repair-cafe-et-vide-dressing-2","eventAttendanceMode":"https:\/\/schema.org\/OfflineEventAttendanceMode","eventStatus":"https:\/\/schema.org\/EventScheduled","startDate":"2025-10-25T10:00:00+02:00","endDate":"2025-10-25T14:00:00+02:00","location":{"@type":"Place","name":"Biblioth\u00e8que municipale de Vevey","description":"","url":"","address":{"@type":"PostalAddress","streetAddress":"Quai Perdonnet 33","addressLocality":"Vevey","postalCode":"1800","addressCountry":"Suisse"},"telephone":"021 925 59 60","sameAs":"http:\/\/biblio.vevey.ch"},"organizer":{"@type":"Person","name":"Biblioth\u00e8que municipale de Vevey","description":"","url":"http:\/\/biblio.vevey.ch","telephone":"021 925 59 60","email":"b&#105;bl&#105;o&#64;veve&#121;&#46;c&#104;","sameAs":"http:\/\/biblio.vevey.ch"},"offers":{"@type":"Offer","price":"0","priceCurrency":"USD","url":"https:\/\/bibliovaud.ch\/?tribe_events=repair-cafe-et-vide-dressing-2","category":"primary","availability":"inStock","validFrom":"1970-01-01T00:00:00+00:00"},"performer":"Organization"}}