{"id":16093,"global_id":"bibliovaud.ch?id=16093","global_id_lineage":["bibliovaud.ch?id=16093"],"author":"56","status":"publish","date":"2025-09-02 10:06:04","date_utc":"2025-09-02 08:06:04","modified":"2025-09-02 10:06:04","modified_utc":"2025-09-02 08:06:04","url":"https:\/\/bibliovaud.ch\/?tribe_events=apero-philo-engagement-politique-et-social","rest_url":"https:\/\/bibliovaud.ch\/index.php?rest_route=\/tribe\/events\/v1\/events\/16093","title":"Ap\u00e9ro-philo : Engagement politique et social","description":"Laurent Dubois \u00a9 BCU Lausanne\nLes principes de justice et de responsabilit\u00e9 justifient pleinement l\u2019engagement politique et social pr\u00e9conis\u00e9 par les sagesses d\u2019Orient et d\u2019Occident. D\u00e8s lors, comment concilier la poursuite du bonheur individuel et la recherche de l\u2019int\u00e9r\u00eat commun\u00a0? Quel r\u00f4le jouent, dans nos soci\u00e9t\u00e9s, les personnes en qu\u00eate de sagesse\u00a0? Quels liens entretiennent-elles avec le politique\u00a0?\nCe cycle de rencontres philosophiques a pour ambition de d\u00e9placer notre regard afin de comprendre la sp\u00e9cificit\u00e9 des sagesses orientales. Pour chaque th\u00e8me abord\u00e9, Ma\u00ebl Goarzin, sp\u00e9cialiste de philosophie antique, et Fr\u00e9d\u00e9ric Richard, sp\u00e9cialiste des sagesses orientales, entrent en dialogue [...]<div class=\"post-theming-cleared\"> <\/div>","excerpt":"<div class=\"post-theming-cleared\"> <\/div>","slug":"apero-philo-engagement-politique-et-social","image":false,"all_day":false,"start_date":"2025-10-07 18:30:00","start_date_details":{"year":"2025","month":"10","day":"07","hour":"18","minutes":"30","seconds":"00"},"end_date":"2025-10-07 20:30:00","end_date_details":{"year":"2025","month":"10","day":"07","hour":"20","minutes":"30","seconds":"00"},"utc_start_date":"2025-10-07 16:30:00","utc_start_date_details":{"year":"2025","month":"10","day":"07","hour":"16","minutes":"30","seconds":"00"},"utc_end_date":"2025-10-07 18:30:00","utc_end_date_details":{"year":"2025","month":"10","day":"07","hour":"18","minutes":"30","seconds":"00"},"timezone":"Europe\/Zurich","timezone_abbr":"CEST","cost":"Gratuit","cost_details":{"currency_symbol":"","currency_code":"USD","currency_position":"prefix","values":["0"]},"website":"https:\/\/www.bcu-lausanne.ch\/manifestation\/engagement-politique-et-social\/","show_map":true,"show_map_link":true,"hide_from_listings":false,"sticky":false,"featured":false,"categories":[{"name":"Conf\u00e9rence","slug":"conference","term_group":0,"term_taxonomy_id":460,"taxonomy":"tribe_events_cat","description":"","parent":0,"count":76,"filter":"raw","id":459,"urls":{"self":"https:\/\/bibliovaud.ch\/index.php?rest_route=\/tribe\/events\/v1\/categories\/459","collection":"https:\/\/bibliovaud.ch\/index.php?rest_route=\/tribe\/events\/v1\/categories"}}],"tags":[],"venue":{"id":13747,"author":"56","status":"publish","date":"2021-08-30 17:23:03","date_utc":"2021-08-30 15:23:03","modified":"2021-08-30 17:23:03","modified_utc":"2021-08-30 15:23:03","url":"https:\/\/bibliovaud.ch\/?tribe_venue=salle-du-senat-palais-de-rumine","venue":"Salle du S\u00e9nat, Palais de Rumine","description":"<div class=\"post-theming-cleared\"> <\/div>","excerpt":"<div class=\"post-theming-cleared\"> <\/div>","slug":"salle-du-senat-palais-de-rumine","address":"Place de la Riponne","city":"Lausanne","country":"Suisse","zip":"1014","json_ld":{"@type":"Place","name":"Salle du S\u00e9nat, Palais de Rumine","description":"","url":"","address":{"@type":"PostalAddress","streetAddress":"Place de la Riponne","addressLocality":"Lausanne","postalCode":"1014","addressCountry":"Suisse"},"telephone":"","sameAs":""},"show_map":true,"show_map_link":true,"global_id":"bibliovaud.ch?id=13747","global_id_lineage":["bibliovaud.ch?id=13747"]},"organizer":[{"id":7167,"author":"56","status":"publish","date":"2019-03-12 16:33:42","date_utc":"2019-03-12 15:33:42","modified":"2019-03-12 16:33:42","modified_utc":"2019-03-12 15:33:42","url":"https:\/\/bibliovaud.ch\/?tribe_organizer=bibliohteque-cantonale-et-universitaire-lausanne-site-riponne-2","organizer":"Biblioht\u00e8que cantonale et universitaire &#8211; Lausanne, site Riponne","description":"<div class=\"post-theming-cleared\"> <\/div>","excerpt":"<div class=\"post-theming-cleared\"> <\/div>","slug":"bibliohteque-cantonale-et-universitaire-lausanne-site-riponne-2","website":"www.bcu-lausanne.ch","email":"manifestations@bcu.unil.ch","json_ld":{"@type":"Person","name":"Biblioht\u00e8que cantonale et universitaire &#8211; Lausanne, site Riponne","description":"","url":"http:\/\/www.bcu-lausanne.ch","telephone":"","email":"&#109;an&#105;&#102;e&#115;t&#97;&#116;&#105;o&#110;&#115;&#64;bc&#117;.&#117;&#110;&#105;&#108;.ch","sameAs":"http:\/\/www.bcu-lausanne.ch"},"global_id":"bibliovaud.ch?id=7167","global_id_lineage":["bibliovaud.ch?id=7167"]}],"custom_fields":[],"json_ld":{"@context":"http:\/\/schema.org","@type":"Event","name":"Ap\u00e9ro-philo : Engagement politique et social","description":"&lt;p&gt;Laurent Dubois \u00a9 BCU Lausanne Les principes de justice et de responsabilit\u00e9 justifient pleinement l\u2019engagement politique et social pr\u00e9conis\u00e9 par les sagesses d\u2019Orient et d\u2019Occident. D\u00e8s lors, comment concilier la &hellip; &lt;a href=&quot;https:\/\/bibliovaud.ch\/?tribe_events=apero-philo-engagement-politique-et-social&quot; class=&quot;more-link&quot;&gt;Continuer la lecture&lt;span class=&quot;screen-reader-text&quot;&gt; de &laquo;&nbsp;Ap\u00e9ro-philo : Engagement politique et social&nbsp;&raquo;&lt;\/span&gt;&lt;\/a&gt;&lt;\/p&gt;\\n","url":"https:\/\/bibliovaud.ch\/?tribe_events=apero-philo-engagement-politique-et-social","eventAttendanceMode":"https:\/\/schema.org\/OfflineEventAttendanceMode","eventStatus":"https:\/\/schema.org\/EventScheduled","startDate":"2025-10-07T18:30:00+02:00","endDate":"2025-10-07T20:30:00+02:00","location":{"@type":"Place","name":"Salle du S\u00e9nat, Palais de Rumine","description":"","url":"","address":{"@type":"PostalAddress","streetAddress":"Place de la Riponne","addressLocality":"Lausanne","postalCode":"1014","addressCountry":"Suisse"},"telephone":"","sameAs":""},"organizer":{"@type":"Person","name":"Biblioht\u00e8que cantonale et universitaire &#8211; Lausanne, site Riponne","description":"","url":"http:\/\/www.bcu-lausanne.ch","telephone":"","email":"manifes&#116;at&#105;&#111;n&#115;&#64;&#98;&#99;u.u&#110;&#105;&#108;&#46;&#99;h","sameAs":"http:\/\/www.bcu-lausanne.ch"},"offers":{"@type":"Offer","price":"0","priceCurrency":"USD","url":"https:\/\/bibliovaud.ch\/?tribe_events=apero-philo-engagement-politique-et-social","category":"primary","availability":"inStock","validFrom":"1970-01-01T00:00:00+00:00"},"performer":"Organization"}}