{"id":16123,"global_id":"bibliovaud.ch?id=16123","global_id_lineage":["bibliovaud.ch?id=16123"],"author":"56","status":"publish","date":"2025-10-01 15:42:43","date_utc":"2025-10-01 13:42:43","modified":"2025-10-01 15:47:27","modified_utc":"2025-10-01 13:47:27","url":"https:\/\/bibliovaud.ch\/?tribe_events=rim-battal-lola-malique-je-me-regarderai-dans-les-yeux","rest_url":"https:\/\/bibliovaud.ch\/index.php?rest_route=\/tribe\/events\/v1\/events\/16123","title":"Rim Battal &amp; Lola Malique, \u00ab Je me regarderai dans les yeux \u00bb","description":"A 17 ans, l\u2019\u00e2ge des serments d\u2019amiti\u00e9 et des po\u00e8mes de Rimbaud, une jeune fille fume une cigarette \u00e0 la fen\u00eatre de sa chambre, \u00e0 Marrakech. Cette transgression anodine d\u00e9clenche la violente fureur de sa m\u00e8re, for\u00e7ant l\u2019adolescente \u00e0 s\u2019enfuir de chez elle. La m\u00e8re pose un ultimatum\u00a0: elle doit fournir un certificat de virginit\u00e9 pour revenir \u00e0 la maison.\nRim Battal, artiste et po\u00e9tesse marocaine, figure phare de sa g\u00e9n\u00e9ration, signe son premier roman. D\u2019une \u00e9criture puissante qui n\u2019oublie ni l\u2019ardeur, ni la dr\u00f4lerie, Rim Battal part d\u2019un souvenir intime pour parler de libert\u00e9, de sexualit\u00e9, de f\u00e9minisme et du [...]<div class=\"post-theming-cleared\"> <\/div>","excerpt":"<div class=\"post-theming-cleared\"> <\/div>","slug":"rim-battal-lola-malique-je-me-regarderai-dans-les-yeux","image":{"url":"https:\/\/bibliovaud.ch\/wp-content\/uploads\/JAPON_S2_p17_1500x1080.jpg","id":16124,"extension":"jpg","width":1500,"height":1080,"filesize":716577,"sizes":{"medium":{"width":300,"height":216,"mime-type":"image\/jpeg","filesize":12834,"url":"https:\/\/bibliovaud.ch\/wp-content\/uploads\/JAPON_S2_p17_1500x1080-300x216.jpg"},"thumbnail":{"width":100,"height":100,"mime-type":"image\/jpeg","filesize":3976,"url":"https:\/\/bibliovaud.ch\/wp-content\/uploads\/JAPON_S2_p17_1500x1080-100x100.jpg"},"medium_large":{"width":768,"height":553,"mime-type":"image\/jpeg","filesize":50795,"url":"https:\/\/bibliovaud.ch\/wp-content\/uploads\/JAPON_S2_p17_1500x1080-768x553.jpg"},"post-theming-row-1":{"width":170,"height":170,"mime-type":"image\/jpeg","filesize":7822,"url":"https:\/\/bibliovaud.ch\/wp-content\/uploads\/JAPON_S2_p17_1500x1080-170x170.jpg"},"post-thumbnail":{"width":1200,"height":864,"mime-type":"image\/jpeg","filesize":102526,"url":"https:\/\/bibliovaud.ch\/wp-content\/uploads\/JAPON_S2_p17_1500x1080-1200x864.jpg"}}},"all_day":false,"start_date":"2025-11-05 19:00:00","start_date_details":{"year":"2025","month":"11","day":"05","hour":"19","minutes":"00","seconds":"00"},"end_date":"2025-11-05 20:00:00","end_date_details":{"year":"2025","month":"11","day":"05","hour":"20","minutes":"00","seconds":"00"},"utc_start_date":"2025-11-05 18:00:00","utc_start_date_details":{"year":"2025","month":"11","day":"05","hour":"18","minutes":"00","seconds":"00"},"utc_end_date":"2025-11-05 19:00:00","utc_end_date_details":{"year":"2025","month":"11","day":"05","hour":"19","minutes":"00","seconds":"00"},"timezone":"Europe\/Zurich","timezone_abbr":"CET","cost":"Gratuit","cost_details":{"currency_symbol":"","currency_code":"USD","currency_position":"prefix","values":["0"]},"website":"https:\/\/www.bcu-lausanne.ch\/manifestation\/je-me-regarderai-dans-les-yeux\/","show_map":true,"show_map_link":true,"hide_from_listings":false,"sticky":false,"featured":false,"categories":[{"name":"Lecture","slug":"lecture","term_group":0,"term_taxonomy_id":373,"taxonomy":"tribe_events_cat","description":"","parent":0,"count":171,"filter":"raw","id":372,"urls":{"self":"https:\/\/bibliovaud.ch\/index.php?rest_route=\/tribe\/events\/v1\/categories\/372","collection":"https:\/\/bibliovaud.ch\/index.php?rest_route=\/tribe\/events\/v1\/categories"}}],"tags":[],"venue":{"id":13750,"author":"56","status":"publish","date":"2021-09-06 13:29:42","date_utc":"2021-09-06 11:29:42","modified":"2021-09-06 13:29:42","modified_utc":"2021-09-06 11:29:42","url":"https:\/\/bibliovaud.ch\/?tribe_venue=atelier-du-6e-palais-de-rumine","venue":"atelier du 6e, Palais de Rumine","description":"<div class=\"post-theming-cleared\"> <\/div>","excerpt":"<div class=\"post-theming-cleared\"> <\/div>","slug":"atelier-du-6e-palais-de-rumine","address":"Place de la Riponne","city":"Lausanne","country":"Suisse","zip":"1014","json_ld":{"@type":"Place","name":"atelier du 6e, Palais de Rumine","description":"","url":"","address":{"@type":"PostalAddress","streetAddress":"Place de la Riponne","addressLocality":"Lausanne","postalCode":"1014","addressCountry":"Suisse"},"telephone":"","sameAs":""},"show_map":true,"show_map_link":true,"global_id":"bibliovaud.ch?id=13750","global_id_lineage":["bibliovaud.ch?id=13750"]},"organizer":[{"id":7185,"author":"56","status":"publish","date":"2019-03-21 16:27:20","date_utc":"2019-03-21 15:27:20","modified":"2019-03-21 16:27:20","modified_utc":"2019-03-21 15:27:20","url":"https:\/\/bibliovaud.ch\/?tribe_organizer=bibliotheque-cantonale-et-universitaire-lausanne","organizer":"Biblioth\u00e8que cantonale et universitaire &#8211; Lausanne","description":"<div class=\"post-theming-cleared\"> <\/div>","excerpt":"<div class=\"post-theming-cleared\"> <\/div>","slug":"bibliotheque-cantonale-et-universitaire-lausanne","website":"www.bcu-lausanne.ch","email":"manifestations@bcu.unil.ch","json_ld":{"@type":"Person","name":"Biblioth\u00e8que cantonale et universitaire &#8211; Lausanne","description":"","url":"http:\/\/www.bcu-lausanne.ch","telephone":"","email":"ma&#110;ife&#115;ta&#116;i&#111;ns&#64;&#98;cu.un&#105;&#108;&#46;&#99;&#104;","sameAs":"http:\/\/www.bcu-lausanne.ch"},"global_id":"bibliovaud.ch?id=7185","global_id_lineage":["bibliovaud.ch?id=7185"]},{"id":16128,"author":"56","status":"publish","date":"2025-10-01 15:42:43","date_utc":"2025-10-01 13:42:43","modified":"2025-10-01 15:42:43","modified_utc":"2025-10-01 13:42:43","url":"https:\/\/bibliovaud.ch\/?tribe_organizer=laboratoire-histoire-et-cite-2","organizer":"Laboratoire Histoire et Cit\u00e9","description":"<div class=\"post-theming-cleared\"> <\/div>","excerpt":"<div class=\"post-theming-cleared\"> <\/div>","slug":"laboratoire-histoire-et-cite-2","phone":"+41 21 692 23 73","website":"https:\/\/www.labo-histoire.ch\/","email":"info@labo-histoire.ch","json_ld":{"@type":"Person","name":"Laboratoire Histoire et Cit\u00e9","description":"","url":"https:\/\/www.labo-histoire.ch\/","telephone":"+41 21 692 23 73","email":"&#105;&#110;fo&#64;l&#97;&#98;o&#45;&#104;&#105;&#115;toi&#114;&#101;&#46;&#99;&#104;","sameAs":"https:\/\/www.labo-histoire.ch\/"},"global_id":"bibliovaud.ch?id=16128","global_id_lineage":["bibliovaud.ch?id=16128"]}],"custom_fields":[],"json_ld":{"@context":"http:\/\/schema.org","@type":"Event","name":"Rim Battal &amp; Lola Malique, \u00ab Je me regarderai dans les yeux \u00bb","description":"&lt;p&gt;A 17 ans, l\u2019\u00e2ge des serments d\u2019amiti\u00e9 et des po\u00e8mes de Rimbaud, une jeune fille fume une cigarette \u00e0 la fen\u00eatre de sa chambre, \u00e0 Marrakech. Cette transgression anodine d\u00e9clenche &hellip; &lt;a href=&quot;https:\/\/bibliovaud.ch\/?tribe_events=rim-battal-lola-malique-je-me-regarderai-dans-les-yeux&quot; class=&quot;more-link&quot;&gt;Continuer la lecture&lt;span class=&quot;screen-reader-text&quot;&gt; de &laquo;&nbsp;Rim Battal &amp; Lola Malique, \u00ab Je me regarderai dans les yeux \u00bb&nbsp;&raquo;&lt;\/span&gt;&lt;\/a&gt;&lt;\/p&gt;\\n","image":"https:\/\/bibliovaud.ch\/wp-content\/uploads\/JAPON_S2_p17_1500x1080.jpg","url":"https:\/\/bibliovaud.ch\/?tribe_events=rim-battal-lola-malique-je-me-regarderai-dans-les-yeux","eventAttendanceMode":"https:\/\/schema.org\/OfflineEventAttendanceMode","eventStatus":"https:\/\/schema.org\/EventScheduled","startDate":"2025-11-05T19:00:00+01:00","endDate":"2025-11-05T20:00:00+01:00","location":{"@type":"Place","name":"atelier du 6e, Palais de Rumine","description":"","url":"","address":{"@type":"PostalAddress","streetAddress":"Place de la Riponne","addressLocality":"Lausanne","postalCode":"1014","addressCountry":"Suisse"},"telephone":"","sameAs":""},"organizer":{"@type":"Person","name":"Biblioth\u00e8que cantonale et universitaire &#8211; Lausanne","description":"","url":"http:\/\/www.bcu-lausanne.ch","telephone":"","email":"ma&#110;&#105;fe&#115;&#116;&#97;t&#105;&#111;&#110;s&#64;bc&#117;.u&#110;&#105;&#108;.ch","sameAs":"http:\/\/www.bcu-lausanne.ch"},"offers":{"@type":"Offer","price":"0","priceCurrency":"USD","url":"https:\/\/bibliovaud.ch\/?tribe_events=rim-battal-lola-malique-je-me-regarderai-dans-les-yeux","category":"primary","availability":"inStock","validFrom":"1970-01-01T00:00:00+00:00"},"performer":"Organization"}}