{"id":16188,"global_id":"bibliovaud.ch?id=16188","global_id_lineage":["bibliovaud.ch?id=16188"],"author":"10","status":"publish","date":"2025-12-03 10:22:07","date_utc":"2025-12-03 09:22:07","modified":"2025-12-03 10:22:07","modified_utc":"2025-12-03 09:22:07","url":"https:\/\/bibliovaud.ch\/?tribe_events=cest-papa-qui-me-coiffe","rest_url":"https:\/\/bibliovaud.ch\/index.php?rest_route=\/tribe\/events\/v1\/events\/16188","title":"C&#8217;est Papa qui me coiffe !","description":"Atelier\n10h-12h30\nAvec Sylvie Makela et une coiffeuse de Tribus Urbaines\nPour les enfants d\u00e8s 5 ans accompagn\u00e9\u00b7e\u00b7s de leur Papa\nSur inscription\nUn\u00b7e enfant qui a des cheveux longs est dans la grande majorit\u00e9 des cas coiff\u00e9\u00b7e par sa m\u00e8re, davantage habitu\u00e9e \u00e0 ce genre d&#8217;exercice.\nCoiffer son enfant est souvent un moment de partage et de lien.\nEt si en tant que Papa, vous franchissiez cette barri\u00e8re genr\u00e9e ?\nInscrivez-vous en duo avec votre fille ou votre gar\u00e7on qui a des cheveux longs et apprenez des astuces en passant un chouette moment. Enfants avec toutes les textures de cheveux, de l\u2019afro-cr\u00e9pu au lisse bienvenu\u00b7e\u00b7s !\n<div class=\"post-theming-cleared\"> <\/div>","excerpt":"<div class=\"post-theming-cleared\"> <\/div>","slug":"cest-papa-qui-me-coiffe","image":{"url":"https:\/\/bibliovaud.ch\/wp-content\/uploads\/17-2.jpg","id":16189,"extension":"jpg","width":1920,"height":1080,"filesize":694945,"sizes":{"medium":{"width":300,"height":169,"mime-type":"image\/jpeg","filesize":14228,"url":"https:\/\/bibliovaud.ch\/wp-content\/uploads\/17-2-300x169.jpg"},"thumbnail":{"width":100,"height":100,"mime-type":"image\/jpeg","filesize":3822,"url":"https:\/\/bibliovaud.ch\/wp-content\/uploads\/17-2-100x100.jpg"},"medium_large":{"width":768,"height":432,"mime-type":"image\/jpeg","filesize":55229,"url":"https:\/\/bibliovaud.ch\/wp-content\/uploads\/17-2-768x432.jpg"},"post-theming-row-1":{"width":170,"height":170,"mime-type":"image\/jpeg","filesize":7320,"url":"https:\/\/bibliovaud.ch\/wp-content\/uploads\/17-2-170x170.jpg"},"1536x1536":{"width":1536,"height":864,"mime-type":"image\/jpeg","filesize":146124,"url":"https:\/\/bibliovaud.ch\/wp-content\/uploads\/17-2-1536x864.jpg"},"post-thumbnail":{"width":1200,"height":675,"mime-type":"image\/jpeg","filesize":105255,"url":"https:\/\/bibliovaud.ch\/wp-content\/uploads\/17-2-1200x675.jpg"}}},"all_day":false,"start_date":"2026-01-24 10:00:00","start_date_details":{"year":"2026","month":"01","day":"24","hour":"10","minutes":"00","seconds":"00"},"end_date":"2026-01-24 12:30:00","end_date_details":{"year":"2026","month":"01","day":"24","hour":"12","minutes":"30","seconds":"00"},"utc_start_date":"2026-01-24 09:00:00","utc_start_date_details":{"year":"2026","month":"01","day":"24","hour":"09","minutes":"00","seconds":"00"},"utc_end_date":"2026-01-24 11:30:00","utc_end_date_details":{"year":"2026","month":"01","day":"24","hour":"11","minutes":"30","seconds":"00"},"timezone":"Europe\/Zurich","timezone_abbr":"CET","cost":"Gratuit","cost_details":{"currency_symbol":"","currency_code":"USD","currency_position":"prefix","values":["0"]},"website":"https:\/\/biblio.vevey.ch\/Default\/doc\/CALENDAR\/258\/c-est-papa-qui-me-coiffe","show_map":false,"show_map_link":true,"hide_from_listings":false,"sticky":false,"featured":false,"categories":[{"name":"Atelier","slug":"atelier","term_group":0,"term_taxonomy_id":365,"taxonomy":"tribe_events_cat","description":"","parent":0,"count":243,"filter":"raw","id":364,"urls":{"self":"https:\/\/bibliovaud.ch\/index.php?rest_route=\/tribe\/events\/v1\/categories\/364","collection":"https:\/\/bibliovaud.ch\/index.php?rest_route=\/tribe\/events\/v1\/categories"}}],"tags":[],"venue":{"id":6679,"author":"10","status":"publish","date":"2018-12-11 14:31:09","date_utc":"2018-12-11 13:31:09","modified":"2018-12-11 14:31:09","modified_utc":"2018-12-11 13:31:09","url":"https:\/\/bibliovaud.ch\/?tribe_venue=bibliotheque-municipale-de-vevey","venue":"Biblioth\u00e8que municipale de Vevey","description":"<div class=\"post-theming-cleared\"> <\/div>","excerpt":"<div class=\"post-theming-cleared\"> <\/div>","slug":"bibliotheque-municipale-de-vevey","address":"Quai Perdonnet 33","city":"Vevey","country":"Suisse","zip":"1800","phone":"021 925 59 60","website":"http:\/\/biblio.vevey.ch","json_ld":{"@type":"Place","name":"Biblioth\u00e8que municipale de Vevey","description":"","url":"","address":{"@type":"PostalAddress","streetAddress":"Quai Perdonnet 33","addressLocality":"Vevey","postalCode":"1800","addressCountry":"Suisse"},"telephone":"021 925 59 60","sameAs":"http:\/\/biblio.vevey.ch"},"show_map":true,"show_map_link":true,"global_id":"bibliovaud.ch?id=6679","global_id_lineage":["bibliovaud.ch?id=6679"]},"organizer":[{"id":13349,"author":"10","status":"publish","date":"2021-01-12 16:01:29","date_utc":"2021-01-12 15:01:29","modified":"2021-01-12 16:01:29","modified_utc":"2021-01-12 15:01:29","url":"https:\/\/bibliovaud.ch\/?tribe_organizer=bibliotheque-municipale-de-vevey","organizer":"Biblioth\u00e8que municipale de Vevey","description":"<div class=\"post-theming-cleared\"> <\/div>","excerpt":"<div class=\"post-theming-cleared\"> <\/div>","slug":"bibliotheque-municipale-de-vevey","phone":"021 925 59 60","website":"biblio.vevey.ch","email":"biblio@vevey.ch","json_ld":{"@type":"Person","name":"Biblioth\u00e8que municipale de Vevey","description":"","url":"http:\/\/biblio.vevey.ch","telephone":"021 925 59 60","email":"b&#105;bli&#111;&#64;&#118;e&#118;e&#121;&#46;&#99;h","sameAs":"http:\/\/biblio.vevey.ch"},"global_id":"bibliovaud.ch?id=13349","global_id_lineage":["bibliovaud.ch?id=13349"]}],"custom_fields":[],"json_ld":{"@context":"http:\/\/schema.org","@type":"Event","name":"C&#8217;est Papa qui me coiffe !","description":"&lt;p&gt;Atelier 10h-12h30 Avec Sylvie Makela et une coiffeuse de Tribus Urbaines Pour les enfants d\u00e8s 5 ans accompagn\u00e9\u00b7e\u00b7s de leur Papa Sur inscription Un\u00b7e enfant qui a des cheveux longs &hellip; &lt;a href=&quot;https:\/\/bibliovaud.ch\/?tribe_events=cest-papa-qui-me-coiffe&quot; class=&quot;more-link&quot;&gt;Continuer la lecture&lt;span class=&quot;screen-reader-text&quot;&gt; de &laquo;&nbsp;C&#8217;est Papa qui me coiffe !&nbsp;&raquo;&lt;\/span&gt;&lt;\/a&gt;&lt;\/p&gt;\\n","image":"https:\/\/bibliovaud.ch\/wp-content\/uploads\/17-2.jpg","url":"https:\/\/bibliovaud.ch\/?tribe_events=cest-papa-qui-me-coiffe","eventAttendanceMode":"https:\/\/schema.org\/OfflineEventAttendanceMode","eventStatus":"https:\/\/schema.org\/EventScheduled","startDate":"2026-01-24T10:00:00+01:00","endDate":"2026-01-24T12:30:00+01:00","location":{"@type":"Place","name":"Biblioth\u00e8que municipale de Vevey","description":"","url":"","address":{"@type":"PostalAddress","streetAddress":"Quai Perdonnet 33","addressLocality":"Vevey","postalCode":"1800","addressCountry":"Suisse"},"telephone":"021 925 59 60","sameAs":"http:\/\/biblio.vevey.ch"},"organizer":{"@type":"Person","name":"Biblioth\u00e8que municipale de Vevey","description":"","url":"http:\/\/biblio.vevey.ch","telephone":"021 925 59 60","email":"&#98;i&#98;&#108;&#105;o&#64;&#118;&#101;&#118;&#101;&#121;.ch","sameAs":"http:\/\/biblio.vevey.ch"},"offers":{"@type":"Offer","price":"0","priceCurrency":"USD","url":"https:\/\/bibliovaud.ch\/?tribe_events=cest-papa-qui-me-coiffe","category":"primary","availability":"inStock","validFrom":"1970-01-01T00:00:00+00:00"},"performer":"Organization"}}