{"id":16203,"global_id":"bibliovaud.ch?id=16203","global_id_lineage":["bibliovaud.ch?id=16203"],"author":"10","status":"publish","date":"2025-12-03 12:02:13","date_utc":"2025-12-03 11:02:13","modified":"2025-12-03 12:04:47","modified_utc":"2025-12-03 11:04:47","url":"https:\/\/bibliovaud.ch\/?tribe_events=vernissage-cycle-cest-mort","rest_url":"https:\/\/bibliovaud.ch\/index.php?rest_route=\/tribe\/events\/v1\/events\/16203","title":"Vernissage cycle C&#8217;est mort.","description":"D\u00e9couvrez votre Biblioth\u00e8que comme vous ne l\u2019avez jamais vue avec le nouveau Changement de d\u00e9cor et un concert de M\u00e9lissa Laveaux !\nCette ann\u00e9e, le Changement de d\u00e9cor prend la forme d&#8217;un projet participatif. Nous avons invit\u00e9 nos usager\u00b7\u00e8re\u00b7s \u00e0 participer \u00e0 un atelier cr\u00e9atif autour du deuil avec la photographe Delphine Schacher. \u00c0 partir d&#8217;une photo d&#8217;un\u00b7e proche et de fleurs cueillies, les participant\u00b7e\u00b7s ont pu fabriquer leur propre cyanotype en hommage \u00e0 leurs d\u00e9funt\u00b7e\u00b7s. La photographe Delphine Schacher a ensuite num\u00e9ris\u00e9 ces cr\u00e9ations, afin de les exposer dans la Biblioth\u00e8que.\nDelphine Schacher est dipl\u00f4m\u00e9e de l&#8217;\u00c9cole de Photographie de Vevey. [...]<div class=\"post-theming-cleared\"> <\/div>","excerpt":"<div class=\"post-theming-cleared\"> <\/div>","slug":"vernissage-cycle-cest-mort","image":{"url":"https:\/\/bibliovaud.ch\/wp-content\/uploads\/13-3.jpg","id":16205,"extension":"jpg","width":1920,"height":1080,"filesize":692834,"sizes":{"medium":{"width":300,"height":169,"mime-type":"image\/jpeg","filesize":12350,"url":"https:\/\/bibliovaud.ch\/wp-content\/uploads\/13-3-300x169.jpg"},"thumbnail":{"width":100,"height":100,"mime-type":"image\/jpeg","filesize":3310,"url":"https:\/\/bibliovaud.ch\/wp-content\/uploads\/13-3-100x100.jpg"},"medium_large":{"width":768,"height":432,"mime-type":"image\/jpeg","filesize":48907,"url":"https:\/\/bibliovaud.ch\/wp-content\/uploads\/13-3-768x432.jpg"},"post-theming-row-1":{"width":170,"height":170,"mime-type":"image\/jpeg","filesize":6813,"url":"https:\/\/bibliovaud.ch\/wp-content\/uploads\/13-3-170x170.jpg"},"1536x1536":{"width":1536,"height":864,"mime-type":"image\/jpeg","filesize":136223,"url":"https:\/\/bibliovaud.ch\/wp-content\/uploads\/13-3-1536x864.jpg"},"post-thumbnail":{"width":1200,"height":675,"mime-type":"image\/jpeg","filesize":96370,"url":"https:\/\/bibliovaud.ch\/wp-content\/uploads\/13-3-1200x675.jpg"}}},"all_day":false,"start_date":"2026-01-30 18:00:00","start_date_details":{"year":"2026","month":"01","day":"30","hour":"18","minutes":"00","seconds":"00"},"end_date":"2026-01-30 20:00:00","end_date_details":{"year":"2026","month":"01","day":"30","hour":"20","minutes":"00","seconds":"00"},"utc_start_date":"2026-01-30 17:00:00","utc_start_date_details":{"year":"2026","month":"01","day":"30","hour":"17","minutes":"00","seconds":"00"},"utc_end_date":"2026-01-30 19:00:00","utc_end_date_details":{"year":"2026","month":"01","day":"30","hour":"19","minutes":"00","seconds":"00"},"timezone":"Europe\/Zurich","timezone_abbr":"CET","cost":"Gratuit","cost_details":{"currency_symbol":"","currency_code":"USD","currency_position":"prefix","values":["0"]},"website":"https:\/\/biblio.vevey.ch","show_map":false,"show_map_link":true,"hide_from_listings":false,"sticky":false,"featured":false,"categories":[{"name":"Concert","slug":"concert","term_group":0,"term_taxonomy_id":509,"taxonomy":"tribe_events_cat","description":"","parent":0,"count":31,"filter":"raw","id":508,"urls":{"self":"https:\/\/bibliovaud.ch\/index.php?rest_route=\/tribe\/events\/v1\/categories\/508","collection":"https:\/\/bibliovaud.ch\/index.php?rest_route=\/tribe\/events\/v1\/categories"}},{"name":"Expositions","slug":"expositions","term_group":0,"term_taxonomy_id":505,"taxonomy":"tribe_events_cat","description":"","parent":0,"count":27,"filter":"raw","id":504,"urls":{"self":"https:\/\/bibliovaud.ch\/index.php?rest_route=\/tribe\/events\/v1\/categories\/504","collection":"https:\/\/bibliovaud.ch\/index.php?rest_route=\/tribe\/events\/v1\/categories"}}],"tags":[],"venue":{"id":6679,"author":"10","status":"publish","date":"2018-12-11 14:31:09","date_utc":"2018-12-11 13:31:09","modified":"2018-12-11 14:31:09","modified_utc":"2018-12-11 13:31:09","url":"https:\/\/bibliovaud.ch\/?tribe_venue=bibliotheque-municipale-de-vevey","venue":"Biblioth\u00e8que municipale de Vevey","description":"<div class=\"post-theming-cleared\"> <\/div>","excerpt":"<div class=\"post-theming-cleared\"> <\/div>","slug":"bibliotheque-municipale-de-vevey","address":"Quai Perdonnet 33","city":"Vevey","country":"Suisse","zip":"1800","phone":"021 925 59 60","website":"http:\/\/biblio.vevey.ch","json_ld":{"@type":"Place","name":"Biblioth\u00e8que municipale de Vevey","description":"","url":"","address":{"@type":"PostalAddress","streetAddress":"Quai Perdonnet 33","addressLocality":"Vevey","postalCode":"1800","addressCountry":"Suisse"},"telephone":"021 925 59 60","sameAs":"http:\/\/biblio.vevey.ch"},"show_map":true,"show_map_link":true,"global_id":"bibliovaud.ch?id=6679","global_id_lineage":["bibliovaud.ch?id=6679"]},"organizer":[{"id":13349,"author":"10","status":"publish","date":"2021-01-12 16:01:29","date_utc":"2021-01-12 15:01:29","modified":"2021-01-12 16:01:29","modified_utc":"2021-01-12 15:01:29","url":"https:\/\/bibliovaud.ch\/?tribe_organizer=bibliotheque-municipale-de-vevey","organizer":"Biblioth\u00e8que municipale de Vevey","description":"<div class=\"post-theming-cleared\"> <\/div>","excerpt":"<div class=\"post-theming-cleared\"> <\/div>","slug":"bibliotheque-municipale-de-vevey","phone":"021 925 59 60","website":"biblio.vevey.ch","email":"biblio@vevey.ch","json_ld":{"@type":"Person","name":"Biblioth\u00e8que municipale de Vevey","description":"","url":"http:\/\/biblio.vevey.ch","telephone":"021 925 59 60","email":"&#98;&#105;&#98;l&#105;o&#64;&#118;e&#118;&#101;&#121;&#46;&#99;&#104;","sameAs":"http:\/\/biblio.vevey.ch"},"global_id":"bibliovaud.ch?id=13349","global_id_lineage":["bibliovaud.ch?id=13349"]}],"custom_fields":[],"json_ld":{"@context":"http:\/\/schema.org","@type":"Event","name":"Vernissage cycle C&#8217;est mort.","description":"&lt;p&gt;D\u00e9couvrez votre Biblioth\u00e8que comme vous ne l\u2019avez jamais vue avec le nouveau Changement de d\u00e9cor et un concert de M\u00e9lissa Laveaux ! Cette ann\u00e9e, le Changement de d\u00e9cor prend la &hellip; &lt;a href=&quot;https:\/\/bibliovaud.ch\/?tribe_events=vernissage-cycle-cest-mort&quot; class=&quot;more-link&quot;&gt;Continuer la lecture&lt;span class=&quot;screen-reader-text&quot;&gt; de &laquo;&nbsp;Vernissage cycle C&#8217;est mort.&nbsp;&raquo;&lt;\/span&gt;&lt;\/a&gt;&lt;\/p&gt;\\n","image":"https:\/\/bibliovaud.ch\/wp-content\/uploads\/13-3.jpg","url":"https:\/\/bibliovaud.ch\/?tribe_events=vernissage-cycle-cest-mort","eventAttendanceMode":"https:\/\/schema.org\/OfflineEventAttendanceMode","eventStatus":"https:\/\/schema.org\/EventScheduled","startDate":"2026-01-30T18:00:00+01:00","endDate":"2026-01-30T20:00:00+01:00","location":{"@type":"Place","name":"Biblioth\u00e8que municipale de Vevey","description":"","url":"","address":{"@type":"PostalAddress","streetAddress":"Quai Perdonnet 33","addressLocality":"Vevey","postalCode":"1800","addressCountry":"Suisse"},"telephone":"021 925 59 60","sameAs":"http:\/\/biblio.vevey.ch"},"organizer":{"@type":"Person","name":"Biblioth\u00e8que municipale de Vevey","description":"","url":"http:\/\/biblio.vevey.ch","telephone":"021 925 59 60","email":"b&#105;bl&#105;&#111;&#64;&#118;&#101;v&#101;&#121;&#46;c&#104;","sameAs":"http:\/\/biblio.vevey.ch"},"offers":{"@type":"Offer","price":"0","priceCurrency":"USD","url":"https:\/\/bibliovaud.ch\/?tribe_events=vernissage-cycle-cest-mort","category":"primary","availability":"inStock","validFrom":"1970-01-01T00:00:00+00:00"},"performer":"Organization"}}