{"id":16220,"global_id":"bibliovaud.ch?id=16220","global_id_lineage":["bibliovaud.ch?id=16220"],"author":"10","status":"publish","date":"2025-12-03 12:30:22","date_utc":"2025-12-03 11:30:22","modified":"2025-12-03 12:30:22","modified_utc":"2025-12-03 11:30:22","url":"https:\/\/bibliovaud.ch\/?tribe_events=cafe-seniors-8","rest_url":"https:\/\/bibliovaud.ch\/index.php?rest_route=\/tribe\/events\/v1\/events\/16220","title":"Caf\u00e9 s\u00e9niors","description":"Avec les \u00e9quipes du Panorama et de la Biblioth\u00e8que\nLe Centre de jour du Panorama et la Biblioth\u00e8que vous proposent une nouvelle rencontre : Les caf\u00e9s s\u00e9niors !\nLe concept est simple : une boisson, des biscuits (indispensables !), de chouettes rencontres ainsi qu&#8217;une s\u00e9lection de livres et de DVD faite pour vous et pr\u00e9sent\u00e9e par l&#8217;\u00e9quipe de la Biblioth\u00e8que.\nBienvenue \u00e0 toutes et tous !\n<div class=\"post-theming-cleared\"> <\/div>","excerpt":"<div class=\"post-theming-cleared\"> <\/div>","slug":"cafe-seniors-8","image":{"url":"https:\/\/bibliovaud.ch\/wp-content\/uploads\/pictos-05-ID-7132948.jpg","id":16221,"extension":"jpg","width":1535,"height":1646,"filesize":123696,"sizes":{"medium":{"width":280,"height":300,"mime-type":"image\/jpeg","filesize":5168,"url":"https:\/\/bibliovaud.ch\/wp-content\/uploads\/pictos-05-ID-7132948-280x300.jpg"},"thumbnail":{"width":100,"height":100,"mime-type":"image\/jpeg","filesize":1788,"url":"https:\/\/bibliovaud.ch\/wp-content\/uploads\/pictos-05-ID-7132948-100x100.jpg"},"medium_large":{"width":768,"height":824,"mime-type":"image\/jpeg","filesize":19875,"url":"https:\/\/bibliovaud.ch\/wp-content\/uploads\/pictos-05-ID-7132948-768x824.jpg"},"post-theming-row-1":{"width":170,"height":170,"mime-type":"image\/jpeg","filesize":2811,"url":"https:\/\/bibliovaud.ch\/wp-content\/uploads\/pictos-05-ID-7132948-170x170.jpg"},"1536x1536":{"width":1432,"height":1536,"mime-type":"image\/jpeg","filesize":52076,"url":"https:\/\/bibliovaud.ch\/wp-content\/uploads\/pictos-05-ID-7132948-1432x1536.jpg"},"post-thumbnail":{"width":1200,"height":1287,"mime-type":"image\/jpeg","filesize":39223,"url":"https:\/\/bibliovaud.ch\/wp-content\/uploads\/pictos-05-ID-7132948-1200x1287.jpg"}}},"all_day":false,"start_date":"2026-02-24 14:30:00","start_date_details":{"year":"2026","month":"02","day":"24","hour":"14","minutes":"30","seconds":"00"},"end_date":"2026-02-24 16:30:00","end_date_details":{"year":"2026","month":"02","day":"24","hour":"16","minutes":"30","seconds":"00"},"utc_start_date":"2026-02-24 13:30:00","utc_start_date_details":{"year":"2026","month":"02","day":"24","hour":"13","minutes":"30","seconds":"00"},"utc_end_date":"2026-02-24 15:30:00","utc_end_date_details":{"year":"2026","month":"02","day":"24","hour":"15","minutes":"30","seconds":"00"},"timezone":"Europe\/Zurich","timezone_abbr":"CET","cost":"Gratuit","cost_details":{"currency_symbol":"","currency_code":"USD","currency_position":"prefix","values":["0"]},"website":"biblio.vevey.ch","show_map":false,"show_map_link":true,"hide_from_listings":false,"sticky":false,"featured":false,"categories":[{"name":"Lecture","slug":"lecture","term_group":0,"term_taxonomy_id":373,"taxonomy":"tribe_events_cat","description":"","parent":0,"count":171,"filter":"raw","id":372,"urls":{"self":"https:\/\/bibliovaud.ch\/index.php?rest_route=\/tribe\/events\/v1\/categories\/372","collection":"https:\/\/bibliovaud.ch\/index.php?rest_route=\/tribe\/events\/v1\/categories"}},{"name":"Rencontre","slug":"rencontre","term_group":0,"term_taxonomy_id":521,"taxonomy":"tribe_events_cat","description":"","parent":0,"count":21,"filter":"raw","id":520,"urls":{"self":"https:\/\/bibliovaud.ch\/index.php?rest_route=\/tribe\/events\/v1\/categories\/520","collection":"https:\/\/bibliovaud.ch\/index.php?rest_route=\/tribe\/events\/v1\/categories"}}],"tags":[],"venue":{"id":6679,"author":"10","status":"publish","date":"2018-12-11 14:31:09","date_utc":"2018-12-11 13:31:09","modified":"2018-12-11 14:31:09","modified_utc":"2018-12-11 13:31:09","url":"https:\/\/bibliovaud.ch\/?tribe_venue=bibliotheque-municipale-de-vevey","venue":"Biblioth\u00e8que municipale de Vevey","description":"<div class=\"post-theming-cleared\"> <\/div>","excerpt":"<div class=\"post-theming-cleared\"> <\/div>","slug":"bibliotheque-municipale-de-vevey","address":"Quai Perdonnet 33","city":"Vevey","country":"Suisse","zip":"1800","phone":"021 925 59 60","website":"http:\/\/biblio.vevey.ch","json_ld":{"@type":"Place","name":"Biblioth\u00e8que municipale de Vevey","description":"","url":"","address":{"@type":"PostalAddress","streetAddress":"Quai Perdonnet 33","addressLocality":"Vevey","postalCode":"1800","addressCountry":"Suisse"},"telephone":"021 925 59 60","sameAs":"http:\/\/biblio.vevey.ch"},"show_map":true,"show_map_link":true,"global_id":"bibliovaud.ch?id=6679","global_id_lineage":["bibliovaud.ch?id=6679"]},"organizer":[{"id":13349,"author":"10","status":"publish","date":"2021-01-12 16:01:29","date_utc":"2021-01-12 15:01:29","modified":"2021-01-12 16:01:29","modified_utc":"2021-01-12 15:01:29","url":"https:\/\/bibliovaud.ch\/?tribe_organizer=bibliotheque-municipale-de-vevey","organizer":"Biblioth\u00e8que municipale de Vevey","description":"<div class=\"post-theming-cleared\"> <\/div>","excerpt":"<div class=\"post-theming-cleared\"> <\/div>","slug":"bibliotheque-municipale-de-vevey","phone":"021 925 59 60","website":"biblio.vevey.ch","email":"biblio@vevey.ch","json_ld":{"@type":"Person","name":"Biblioth\u00e8que municipale de Vevey","description":"","url":"http:\/\/biblio.vevey.ch","telephone":"021 925 59 60","email":"biblio&#64;v&#101;vey.c&#104;","sameAs":"http:\/\/biblio.vevey.ch"},"global_id":"bibliovaud.ch?id=13349","global_id_lineage":["bibliovaud.ch?id=13349"]}],"custom_fields":[],"json_ld":{"@context":"http:\/\/schema.org","@type":"Event","name":"Caf\u00e9 s\u00e9niors","description":"&lt;p&gt;Avec les \u00e9quipes du Panorama et de la Biblioth\u00e8que Le Centre de jour du Panorama et la Biblioth\u00e8que vous proposent une nouvelle rencontre : Les caf\u00e9s s\u00e9niors ! Le concept &hellip; &lt;a href=&quot;https:\/\/bibliovaud.ch\/?tribe_events=cafe-seniors-8&quot; class=&quot;more-link&quot;&gt;Continuer la lecture&lt;span class=&quot;screen-reader-text&quot;&gt; de &laquo;&nbsp;Caf\u00e9 s\u00e9niors&nbsp;&raquo;&lt;\/span&gt;&lt;\/a&gt;&lt;\/p&gt;\\n","image":"https:\/\/bibliovaud.ch\/wp-content\/uploads\/pictos-05-ID-7132948.jpg","url":"https:\/\/bibliovaud.ch\/?tribe_events=cafe-seniors-8","eventAttendanceMode":"https:\/\/schema.org\/OfflineEventAttendanceMode","eventStatus":"https:\/\/schema.org\/EventScheduled","startDate":"2026-02-24T14:30:00+01:00","endDate":"2026-02-24T16:30:00+01:00","location":{"@type":"Place","name":"Biblioth\u00e8que municipale de Vevey","description":"","url":"","address":{"@type":"PostalAddress","streetAddress":"Quai Perdonnet 33","addressLocality":"Vevey","postalCode":"1800","addressCountry":"Suisse"},"telephone":"021 925 59 60","sameAs":"http:\/\/biblio.vevey.ch"},"organizer":{"@type":"Person","name":"Biblioth\u00e8que municipale de Vevey","description":"","url":"http:\/\/biblio.vevey.ch","telephone":"021 925 59 60","email":"b&#105;blio&#64;veve&#121;&#46;&#99;&#104;","sameAs":"http:\/\/biblio.vevey.ch"},"offers":{"@type":"Offer","price":"0","priceCurrency":"USD","url":"https:\/\/bibliovaud.ch\/?tribe_events=cafe-seniors-8","category":"primary","availability":"inStock","validFrom":"1970-01-01T00:00:00+00:00"},"performer":"Organization"}}