{"id":16266,"global_id":"bibliovaud.ch?id=16266","global_id_lineage":["bibliovaud.ch?id=16266"],"author":"10","status":"publish","date":"2026-01-22 14:27:20","date_utc":"2026-01-22 13:27:20","modified":"2026-01-22 14:27:20","modified_utc":"2026-01-22 13:27:20","url":"https:\/\/bibliovaud.ch\/?tribe_events=la-biblio-dans-ton-quartier-5","rest_url":"https:\/\/bibliovaud.ch\/index.php?rest_route=\/tribe\/events\/v1\/events\/16266","title":"La Biblio dans ton quartier !","description":"Rendez-vous \u00e0 Trempolin, Espace Bel-Air, Place Robin\nPour les familles avec des enfants de 0 \u00e0 14 ans\nLa Biblio d\u00e9barque dans votre quartier ! Le Service de la coh\u00e9sion sociale de la Ville de Vevey, la Biblioth\u00e8que et l&#8217;association Bain de livres s&#8217;unissent pour vous proposer une grande tourn\u00e9e de livres veveysanne.\nUn bus rempli de 1000 livres en 80 langues quasi en bas de chez vous ! 25 dates dont 18 ouvertes au public \u00e0 ne pas manquer situ\u00e9es dans les 4 points cardinaux de Vevey, bienvenue \u00e0 toutes et tous !\nAvec la collaboration du Service de la coh\u00e9sion sociale de [...]<div class=\"post-theming-cleared\"> <\/div>","excerpt":"<div class=\"post-theming-cleared\"> <\/div>","slug":"la-biblio-dans-ton-quartier-5","image":{"url":"https:\/\/bibliovaud.ch\/wp-content\/uploads\/BiblioVevey-programme-2026-V032.png","id":16259,"extension":"png","width":1748,"height":2480,"filesize":30048,"sizes":{"medium":{"width":211,"height":300,"mime-type":"image\/png","filesize":7317,"url":"https:\/\/bibliovaud.ch\/wp-content\/uploads\/BiblioVevey-programme-2026-V032-211x300.png"},"thumbnail":{"width":100,"height":100,"mime-type":"image\/png","filesize":3311,"url":"https:\/\/bibliovaud.ch\/wp-content\/uploads\/BiblioVevey-programme-2026-V032-100x100.png"},"medium_large":{"width":768,"height":1090,"mime-type":"image\/png","filesize":28223,"url":"https:\/\/bibliovaud.ch\/wp-content\/uploads\/BiblioVevey-programme-2026-V032-768x1090.png"},"post-theming-row-1":{"width":170,"height":170,"mime-type":"image\/png","filesize":5598,"url":"https:\/\/bibliovaud.ch\/wp-content\/uploads\/BiblioVevey-programme-2026-V032-170x170.png"},"1536x1536":{"width":1083,"height":1536,"mime-type":"image\/png","filesize":41450,"url":"https:\/\/bibliovaud.ch\/wp-content\/uploads\/BiblioVevey-programme-2026-V032-1083x1536.png"},"2048x2048":{"width":1444,"height":2048,"mime-type":"image\/png","filesize":56145,"url":"https:\/\/bibliovaud.ch\/wp-content\/uploads\/BiblioVevey-programme-2026-V032-1444x2048.png"},"post-thumbnail":{"width":1200,"height":1703,"mime-type":"image\/png","filesize":46148,"url":"https:\/\/bibliovaud.ch\/wp-content\/uploads\/BiblioVevey-programme-2026-V032-1200x1703.png"}}},"all_day":false,"start_date":"2026-01-27 16:15:00","start_date_details":{"year":"2026","month":"01","day":"27","hour":"16","minutes":"15","seconds":"00"},"end_date":"2026-01-27 17:45:00","end_date_details":{"year":"2026","month":"01","day":"27","hour":"17","minutes":"45","seconds":"00"},"utc_start_date":"2026-01-27 15:15:00","utc_start_date_details":{"year":"2026","month":"01","day":"27","hour":"15","minutes":"15","seconds":"00"},"utc_end_date":"2026-01-27 16:45:00","utc_end_date_details":{"year":"2026","month":"01","day":"27","hour":"16","minutes":"45","seconds":"00"},"timezone":"Europe\/Zurich","timezone_abbr":"CET","cost":"Gratuit","cost_details":{"currency_symbol":"0","currency_code":"USD","currency_position":"prefix","values":["0"]},"website":"https:\/\/biblio.vevey.ch\/Default\/doc\/CALENDAR\/350\/la-biblio-dans-ton-quartier","show_map":false,"show_map_link":true,"hide_from_listings":false,"sticky":false,"featured":false,"categories":[{"name":"Lecture","slug":"lecture","term_group":0,"term_taxonomy_id":373,"taxonomy":"tribe_events_cat","description":"","parent":0,"count":171,"filter":"raw","id":372,"urls":{"self":"https:\/\/bibliovaud.ch\/index.php?rest_route=\/tribe\/events\/v1\/categories\/372","collection":"https:\/\/bibliovaud.ch\/index.php?rest_route=\/tribe\/events\/v1\/categories"}}],"tags":[],"venue":[],"organizer":[],"custom_fields":[],"json_ld":{"@context":"http:\/\/schema.org","@type":"Event","name":"La Biblio dans ton quartier !","description":"&lt;p&gt;Rendez-vous \u00e0 Trempolin, Espace Bel-Air, Place Robin Pour les familles avec des enfants de 0 \u00e0 14 ans La Biblio d\u00e9barque dans votre quartier ! Le Service de la coh\u00e9sion &hellip; &lt;a href=&quot;https:\/\/bibliovaud.ch\/?tribe_events=la-biblio-dans-ton-quartier-5&quot; class=&quot;more-link&quot;&gt;Continuer la lecture&lt;span class=&quot;screen-reader-text&quot;&gt; de &laquo;&nbsp;La Biblio dans ton quartier !&nbsp;&raquo;&lt;\/span&gt;&lt;\/a&gt;&lt;\/p&gt;\\n","image":"https:\/\/bibliovaud.ch\/wp-content\/uploads\/BiblioVevey-programme-2026-V032.png","url":"https:\/\/bibliovaud.ch\/?tribe_events=la-biblio-dans-ton-quartier-5","eventAttendanceMode":"https:\/\/schema.org\/OfflineEventAttendanceMode","eventStatus":"https:\/\/schema.org\/EventScheduled","startDate":"2026-01-27T16:15:00+01:00","endDate":"2026-01-27T17:45:00+01:00","offers":{"@type":"Offer","price":"0","priceCurrency":"USD","url":"https:\/\/bibliovaud.ch\/?tribe_events=la-biblio-dans-ton-quartier-5","category":"primary","availability":"inStock","validFrom":"1970-01-01T00:00:00+00:00"},"performer":"Organization"}}