{"id":16311,"global_id":"bibliovaud.ch?id=16311","global_id_lineage":["bibliovaud.ch?id=16311"],"author":"10","status":"publish","date":"2026-01-22 15:19:00","date_utc":"2026-01-22 14:19:00","modified":"2026-01-22 15:19:00","modified_utc":"2026-01-22 14:19:00","url":"https:\/\/bibliovaud.ch\/?tribe_events=inegales-et-inegaux-jusque-dans-la-mort","rest_url":"https:\/\/bibliovaud.ch\/index.php?rest_route=\/tribe\/events\/v1\/events\/16311","title":"In\u00e9gales et in\u00e9gaux jusque dans la mort","description":"Avec Manu Anex, Chantal Neuhaus et Malick Reinhard\nMod\u00e9ration : Pamela Ohene-Nyako\nOn entend souvent que devant la mort, nous sommes \u00e9gales et \u00e9gaux, mais est-ce vraiment le cas ? Si la dur\u00e9e moyenne de vie n&#8217;a cess\u00e9 d&#8217;augmenter \u00e0 travers les si\u00e8cles, les in\u00e9galit\u00e9s socio-\u00e9conomiques sont souvent n\u00e9glig\u00e9es. Il a \u00e9t\u00e9 d\u00e9montr\u00e9 qu&#8217;un homme cadre vit plus longtemps qu&#8217;un homme ouvrier. Selon une \u00e9tude, les femmes noires \u00e0 New York sont 12 fois plus susceptibles que les femmes blanches de mourir durant leur grossesse. Et qu&#8217;en est-il des minorit\u00e9s comme les personnes LGBTIQ+ ou les personnes en situation de handicap ? [...]<div class=\"post-theming-cleared\"> <\/div>","excerpt":"<div class=\"post-theming-cleared\"> <\/div>","slug":"inegales-et-inegaux-jusque-dans-la-mort","image":{"url":"https:\/\/bibliovaud.ch\/wp-content\/uploads\/BiblioVevey-programme-2026-V04.jpg","id":16312,"extension":"jpg","width":1748,"height":2480,"filesize":147594,"sizes":{"medium":{"width":211,"height":300,"mime-type":"image\/jpeg","filesize":7998,"url":"https:\/\/bibliovaud.ch\/wp-content\/uploads\/BiblioVevey-programme-2026-V04-211x300.jpg"},"thumbnail":{"width":100,"height":100,"mime-type":"image\/jpeg","filesize":3490,"url":"https:\/\/bibliovaud.ch\/wp-content\/uploads\/BiblioVevey-programme-2026-V04-100x100.jpg"},"medium_large":{"width":768,"height":1090,"mime-type":"image\/jpeg","filesize":37578,"url":"https:\/\/bibliovaud.ch\/wp-content\/uploads\/BiblioVevey-programme-2026-V04-768x1090.jpg"},"post-theming-row-1":{"width":170,"height":170,"mime-type":"image\/jpeg","filesize":6104,"url":"https:\/\/bibliovaud.ch\/wp-content\/uploads\/BiblioVevey-programme-2026-V04-170x170.jpg"},"1536x1536":{"width":1083,"height":1536,"mime-type":"image\/jpeg","filesize":61227,"url":"https:\/\/bibliovaud.ch\/wp-content\/uploads\/BiblioVevey-programme-2026-V04-1083x1536.jpg"},"2048x2048":{"width":1444,"height":2048,"mime-type":"image\/jpeg","filesize":90926,"url":"https:\/\/bibliovaud.ch\/wp-content\/uploads\/BiblioVevey-programme-2026-V04-1444x2048.jpg"},"post-thumbnail":{"width":1200,"height":1703,"mime-type":"image\/jpeg","filesize":68990,"url":"https:\/\/bibliovaud.ch\/wp-content\/uploads\/BiblioVevey-programme-2026-V04-1200x1703.jpg"}}},"all_day":false,"start_date":"2026-05-12 18:30:00","start_date_details":{"year":"2026","month":"05","day":"12","hour":"18","minutes":"30","seconds":"00"},"end_date":"2026-05-12 20:00:00","end_date_details":{"year":"2026","month":"05","day":"12","hour":"20","minutes":"00","seconds":"00"},"utc_start_date":"2026-05-12 16:30:00","utc_start_date_details":{"year":"2026","month":"05","day":"12","hour":"16","minutes":"30","seconds":"00"},"utc_end_date":"2026-05-12 18:00:00","utc_end_date_details":{"year":"2026","month":"05","day":"12","hour":"18","minutes":"00","seconds":"00"},"timezone":"Europe\/Zurich","timezone_abbr":"CEST","cost":"Gratuit","cost_details":{"currency_symbol":"0","currency_code":"USD","currency_position":"prefix","values":["0"]},"website":"https:\/\/biblio.vevey.ch\/Default\/doc\/CALENDAR\/289\/inegales-et-inegaux-jusque-dans-la-mort","show_map":false,"show_map_link":true,"hide_from_listings":false,"sticky":false,"featured":false,"categories":[{"name":"Conf\u00e9rence","slug":"conference","term_group":0,"term_taxonomy_id":460,"taxonomy":"tribe_events_cat","description":"","parent":0,"count":76,"filter":"raw","id":459,"urls":{"self":"https:\/\/bibliovaud.ch\/index.php?rest_route=\/tribe\/events\/v1\/categories\/459","collection":"https:\/\/bibliovaud.ch\/index.php?rest_route=\/tribe\/events\/v1\/categories"}}],"tags":[],"venue":{"id":6679,"author":"10","status":"publish","date":"2018-12-11 14:31:09","date_utc":"2018-12-11 13:31:09","modified":"2018-12-11 14:31:09","modified_utc":"2018-12-11 13:31:09","url":"https:\/\/bibliovaud.ch\/?tribe_venue=bibliotheque-municipale-de-vevey","venue":"Biblioth\u00e8que municipale de Vevey","description":"<div class=\"post-theming-cleared\"> <\/div>","excerpt":"<div class=\"post-theming-cleared\"> <\/div>","slug":"bibliotheque-municipale-de-vevey","address":"Quai Perdonnet 33","city":"Vevey","country":"Suisse","zip":"1800","phone":"021 925 59 60","website":"http:\/\/biblio.vevey.ch","json_ld":{"@type":"Place","name":"Biblioth\u00e8que municipale de Vevey","description":"","url":"","address":{"@type":"PostalAddress","streetAddress":"Quai Perdonnet 33","addressLocality":"Vevey","postalCode":"1800","addressCountry":"Suisse"},"telephone":"021 925 59 60","sameAs":"http:\/\/biblio.vevey.ch"},"show_map":true,"show_map_link":true,"global_id":"bibliovaud.ch?id=6679","global_id_lineage":["bibliovaud.ch?id=6679"]},"organizer":[{"id":13349,"author":"10","status":"publish","date":"2021-01-12 16:01:29","date_utc":"2021-01-12 15:01:29","modified":"2021-01-12 16:01:29","modified_utc":"2021-01-12 15:01:29","url":"https:\/\/bibliovaud.ch\/?tribe_organizer=bibliotheque-municipale-de-vevey","organizer":"Biblioth\u00e8que municipale de Vevey","description":"<div class=\"post-theming-cleared\"> <\/div>","excerpt":"<div class=\"post-theming-cleared\"> <\/div>","slug":"bibliotheque-municipale-de-vevey","phone":"021 925 59 60","website":"biblio.vevey.ch","email":"biblio@vevey.ch","json_ld":{"@type":"Person","name":"Biblioth\u00e8que municipale de Vevey","description":"","url":"http:\/\/biblio.vevey.ch","telephone":"021 925 59 60","email":"bibl&#105;&#111;&#64;v&#101;ve&#121;&#46;ch","sameAs":"http:\/\/biblio.vevey.ch"},"global_id":"bibliovaud.ch?id=13349","global_id_lineage":["bibliovaud.ch?id=13349"]}],"custom_fields":[],"json_ld":{"@context":"http:\/\/schema.org","@type":"Event","name":"In\u00e9gales et in\u00e9gaux jusque dans la mort","description":"&lt;p&gt;Avec Manu Anex, Chantal Neuhaus et Malick Reinhard Mod\u00e9ration : Pamela Ohene-Nyako On entend souvent que devant la mort, nous sommes \u00e9gales et \u00e9gaux, mais est-ce vraiment le cas ? &hellip; &lt;a href=&quot;https:\/\/bibliovaud.ch\/?tribe_events=inegales-et-inegaux-jusque-dans-la-mort&quot; class=&quot;more-link&quot;&gt;Continuer la lecture&lt;span class=&quot;screen-reader-text&quot;&gt; de &laquo;&nbsp;In\u00e9gales et in\u00e9gaux jusque dans la mort&nbsp;&raquo;&lt;\/span&gt;&lt;\/a&gt;&lt;\/p&gt;\\n","image":"https:\/\/bibliovaud.ch\/wp-content\/uploads\/BiblioVevey-programme-2026-V04.jpg","url":"https:\/\/bibliovaud.ch\/?tribe_events=inegales-et-inegaux-jusque-dans-la-mort","eventAttendanceMode":"https:\/\/schema.org\/OfflineEventAttendanceMode","eventStatus":"https:\/\/schema.org\/EventScheduled","startDate":"2026-05-12T18:30:00+02:00","endDate":"2026-05-12T20:00:00+02:00","location":{"@type":"Place","name":"Biblioth\u00e8que municipale de Vevey","description":"","url":"","address":{"@type":"PostalAddress","streetAddress":"Quai Perdonnet 33","addressLocality":"Vevey","postalCode":"1800","addressCountry":"Suisse"},"telephone":"021 925 59 60","sameAs":"http:\/\/biblio.vevey.ch"},"organizer":{"@type":"Person","name":"Biblioth\u00e8que municipale de Vevey","description":"","url":"http:\/\/biblio.vevey.ch","telephone":"021 925 59 60","email":"b&#105;&#98;&#108;io&#64;&#118;eve&#121;.&#99;h","sameAs":"http:\/\/biblio.vevey.ch"},"offers":{"@type":"Offer","price":"0","priceCurrency":"USD","url":"https:\/\/bibliovaud.ch\/?tribe_events=inegales-et-inegaux-jusque-dans-la-mort","category":"primary","availability":"inStock","validFrom":"1970-01-01T00:00:00+00:00"},"performer":"Organization"}}