{"id":16338,"global_id":"bibliovaud.ch?id=16338","global_id_lineage":["bibliovaud.ch?id=16338"],"author":"10","status":"publish","date":"2026-01-22 15:52:16","date_utc":"2026-01-22 14:52:16","modified":"2026-01-22 15:52:16","modified_utc":"2026-01-22 14:52:16","url":"https:\/\/bibliovaud.ch\/?tribe_events=le-cimetiere-de-vevey-entre-legendes-et-verites","rest_url":"https:\/\/bibliovaud.ch\/index.php?rest_route=\/tribe\/events\/v1\/events\/16338","title":"Le cimeti\u00e8re de Vevey, entre l\u00e9gendes et v\u00e9rit\u00e9s","description":"Avec Fanny Abbott, Lorraine Filippozzi, Eric Maillefer et Joanne Chassot\nRendez-vous devant le magasin de fleurs du cimeti\u00e8re St-Martin\nD\u00e9couvrez le cimeti\u00e8re de Vevey comme vous ne l&#8217;avez jamais vu avec cette visite guid\u00e9e in\u00e9dite ! Une soir\u00e9e immersive en quatre actes, entre histoire et litt\u00e9rature :\n\u2022 Le cimeti\u00e8re dans l\u2019histoire de Vevey, avec Fanny Abbott, directrice du Mus\u00e9e historique de Vevey, et Lorraine Filippozzi, archiviste communale\n\u2022 Anecdotes \u00e9tonnantes sur la vie du cimeti\u00e8re, avec Eric Maillefer, coordinateur du cimeti\u00e8re\n\u2022 Lecture d\u2019un texte inspir\u00e9 par le cimeti\u00e8re, \u00e9crit et lu par Joanne Chassot, autrice\n\u2022 Ap\u00e9ro ! La visite aura lieu par tous [...]<div class=\"post-theming-cleared\"> <\/div>","excerpt":"<div class=\"post-theming-cleared\"> <\/div>","slug":"le-cimetiere-de-vevey-entre-legendes-et-verites","image":{"url":"https:\/\/bibliovaud.ch\/wp-content\/uploads\/febb-ID-7132124-scaled.jpg","id":16339,"extension":"jpg","width":2560,"height":1920,"filesize":920761,"sizes":{"medium":{"width":300,"height":225,"mime-type":"image\/jpeg","filesize":20223,"url":"https:\/\/bibliovaud.ch\/wp-content\/uploads\/febb-ID-7132124-300x225.jpg"},"large":{"width":3000,"height":2250,"mime-type":"image\/jpeg","filesize":1190821,"url":"https:\/\/bibliovaud.ch\/wp-content\/uploads\/febb-ID-7132124-3000x2250.jpg"},"thumbnail":{"width":100,"height":100,"mime-type":"image\/jpeg","filesize":4196,"url":"https:\/\/bibliovaud.ch\/wp-content\/uploads\/febb-ID-7132124-100x100.jpg"},"medium_large":{"width":768,"height":576,"mime-type":"image\/jpeg","filesize":108644,"url":"https:\/\/bibliovaud.ch\/wp-content\/uploads\/febb-ID-7132124-768x576.jpg"},"post-theming-row-1":{"width":170,"height":170,"mime-type":"image\/jpeg","filesize":9589,"url":"https:\/\/bibliovaud.ch\/wp-content\/uploads\/febb-ID-7132124-170x170.jpg"},"1536x1536":{"width":1536,"height":1152,"mime-type":"image\/jpeg","filesize":387130,"url":"https:\/\/bibliovaud.ch\/wp-content\/uploads\/febb-ID-7132124-1536x1152.jpg"},"2048x2048":{"width":2048,"height":1536,"mime-type":"image\/jpeg","filesize":637676,"url":"https:\/\/bibliovaud.ch\/wp-content\/uploads\/febb-ID-7132124-2048x1536.jpg"},"post-thumbnail":{"width":1200,"height":900,"mime-type":"image\/jpeg","filesize":249738,"url":"https:\/\/bibliovaud.ch\/wp-content\/uploads\/febb-ID-7132124-1200x900.jpg"}},"original_image":"febb-ID-7132124.jpg"},"all_day":false,"start_date":"2026-06-09 18:00:00","start_date_details":{"year":"2026","month":"06","day":"09","hour":"18","minutes":"00","seconds":"00"},"end_date":"2026-06-09 20:00:00","end_date_details":{"year":"2026","month":"06","day":"09","hour":"20","minutes":"00","seconds":"00"},"utc_start_date":"2026-06-09 16:00:00","utc_start_date_details":{"year":"2026","month":"06","day":"09","hour":"16","minutes":"00","seconds":"00"},"utc_end_date":"2026-06-09 18:00:00","utc_end_date_details":{"year":"2026","month":"06","day":"09","hour":"18","minutes":"00","seconds":"00"},"timezone":"Europe\/Zurich","timezone_abbr":"CEST","cost":"Gratuit","cost_details":{"currency_symbol":"0","currency_code":"USD","currency_position":"prefix","values":["0"]},"website":"https:\/\/biblio.vevey.ch\/Default\/doc\/CALENDAR\/297\/le-cimetiere-de-vevey-entre-legendes-et-verites","show_map":false,"show_map_link":true,"hide_from_listings":false,"sticky":false,"featured":false,"categories":[{"name":"Visite","slug":"visite","term_group":0,"term_taxonomy_id":369,"taxonomy":"tribe_events_cat","description":"","parent":0,"count":18,"filter":"raw","id":368,"urls":{"self":"https:\/\/bibliovaud.ch\/index.php?rest_route=\/tribe\/events\/v1\/categories\/368","collection":"https:\/\/bibliovaud.ch\/index.php?rest_route=\/tribe\/events\/v1\/categories"}}],"tags":[],"venue":{"id":6679,"author":"10","status":"publish","date":"2018-12-11 14:31:09","date_utc":"2018-12-11 13:31:09","modified":"2018-12-11 14:31:09","modified_utc":"2018-12-11 13:31:09","url":"https:\/\/bibliovaud.ch\/?tribe_venue=bibliotheque-municipale-de-vevey","venue":"Biblioth\u00e8que municipale de Vevey","description":"<div class=\"post-theming-cleared\"> <\/div>","excerpt":"<div class=\"post-theming-cleared\"> <\/div>","slug":"bibliotheque-municipale-de-vevey","address":"Quai Perdonnet 33","city":"Vevey","country":"Suisse","zip":"1800","phone":"021 925 59 60","website":"http:\/\/biblio.vevey.ch","json_ld":{"@type":"Place","name":"Biblioth\u00e8que municipale de Vevey","description":"","url":"","address":{"@type":"PostalAddress","streetAddress":"Quai Perdonnet 33","addressLocality":"Vevey","postalCode":"1800","addressCountry":"Suisse"},"telephone":"021 925 59 60","sameAs":"http:\/\/biblio.vevey.ch"},"show_map":true,"show_map_link":true,"global_id":"bibliovaud.ch?id=6679","global_id_lineage":["bibliovaud.ch?id=6679"]},"organizer":[{"id":13349,"author":"10","status":"publish","date":"2021-01-12 16:01:29","date_utc":"2021-01-12 15:01:29","modified":"2021-01-12 16:01:29","modified_utc":"2021-01-12 15:01:29","url":"https:\/\/bibliovaud.ch\/?tribe_organizer=bibliotheque-municipale-de-vevey","organizer":"Biblioth\u00e8que municipale de Vevey","description":"<div class=\"post-theming-cleared\"> <\/div>","excerpt":"<div class=\"post-theming-cleared\"> <\/div>","slug":"bibliotheque-municipale-de-vevey","phone":"021 925 59 60","website":"biblio.vevey.ch","email":"biblio@vevey.ch","json_ld":{"@type":"Person","name":"Biblioth\u00e8que municipale de Vevey","description":"","url":"http:\/\/biblio.vevey.ch","telephone":"021 925 59 60","email":"bib&#108;io&#64;&#118;ev&#101;y&#46;&#99;&#104;","sameAs":"http:\/\/biblio.vevey.ch"},"global_id":"bibliovaud.ch?id=13349","global_id_lineage":["bibliovaud.ch?id=13349"]}],"custom_fields":[],"json_ld":{"@context":"http:\/\/schema.org","@type":"Event","name":"Le cimeti\u00e8re de Vevey, entre l\u00e9gendes et v\u00e9rit\u00e9s","description":"&lt;p&gt;Avec Fanny Abbott, Lorraine Filippozzi, Eric Maillefer et Joanne Chassot Rendez-vous devant le magasin de fleurs du cimeti\u00e8re St-Martin D\u00e9couvrez le cimeti\u00e8re de Vevey comme vous ne l\\'avez jamais vu &hellip; &lt;a href=&quot;https:\/\/bibliovaud.ch\/?tribe_events=le-cimetiere-de-vevey-entre-legendes-et-verites&quot; class=&quot;more-link&quot;&gt;Continuer la lecture&lt;span class=&quot;screen-reader-text&quot;&gt; de &laquo;&nbsp;Le cimeti\u00e8re de Vevey, entre l\u00e9gendes et v\u00e9rit\u00e9s&nbsp;&raquo;&lt;\/span&gt;&lt;\/a&gt;&lt;\/p&gt;\\n","image":"https:\/\/bibliovaud.ch\/wp-content\/uploads\/febb-ID-7132124-scaled.jpg","url":"https:\/\/bibliovaud.ch\/?tribe_events=le-cimetiere-de-vevey-entre-legendes-et-verites","eventAttendanceMode":"https:\/\/schema.org\/OfflineEventAttendanceMode","eventStatus":"https:\/\/schema.org\/EventScheduled","startDate":"2026-06-09T18:00:00+02:00","endDate":"2026-06-09T20:00:00+02:00","location":{"@type":"Place","name":"Biblioth\u00e8que municipale de Vevey","description":"","url":"","address":{"@type":"PostalAddress","streetAddress":"Quai Perdonnet 33","addressLocality":"Vevey","postalCode":"1800","addressCountry":"Suisse"},"telephone":"021 925 59 60","sameAs":"http:\/\/biblio.vevey.ch"},"organizer":{"@type":"Person","name":"Biblioth\u00e8que municipale de Vevey","description":"","url":"http:\/\/biblio.vevey.ch","telephone":"021 925 59 60","email":"b&#105;b&#108;i&#111;&#64;&#118;ev&#101;&#121;&#46;&#99;h","sameAs":"http:\/\/biblio.vevey.ch"},"offers":{"@type":"Offer","price":"0","priceCurrency":"USD","url":"https:\/\/bibliovaud.ch\/?tribe_events=le-cimetiere-de-vevey-entre-legendes-et-verites","category":"primary","availability":"inStock","validFrom":"1970-01-01T00:00:00+00:00"},"performer":"Organization"}}