{"id":16347,"global_id":"bibliovaud.ch?id=16347","global_id_lineage":["bibliovaud.ch?id=16347"],"author":"10","status":"publish","date":"2026-01-22 15:58:43","date_utc":"2026-01-22 14:58:43","modified":"2026-01-22 15:58:43","modified_utc":"2026-01-22 14:58:43","url":"https:\/\/bibliovaud.ch\/?tribe_events=mois-des-fiertes","rest_url":"https:\/\/bibliovaud.ch\/index.php?rest_route=\/tribe\/events\/v1\/events\/16347","title":"Mois des fiert\u00e9s","description":"Rendez-vous \u00e0 la Place du March\u00e9\nLa Biblio s&#8217;associe \u00e0 nouveau au Service de la coh\u00e9sion sociale de la Ville de Vevey et \u00e0 Voqueer pour vous proposer un stand au March\u00e9 de Vevey \u00e0 l&#8217;occasion du Mois des fiert\u00e9s.\nVenez nous voir et fabriquer votre badge de soutien \u00e0 la communaut\u00e9 LGBTIQ+ dessin\u00e9 par l&#8217;artiste Romane M. Serez !\nAu travers de projets de cr\u00e9ation, de m\u00e9diation et de recherche, Romane M. Serez intervient au sein de diverses associations et institutions culturelles en Suisse romande. Iel anime des ateliers autour de l\u2019\u00e9criture, de l\u2019\u00e9dition, de l\u2019expression corporelle et des arts plastiques, ainsi [...]<div class=\"post-theming-cleared\"> <\/div>","excerpt":"<div class=\"post-theming-cleared\"> <\/div>","slug":"mois-des-fiertes","image":{"url":"https:\/\/bibliovaud.ch\/wp-content\/uploads\/BiblioVevey-programme-2026-V040.png","id":16348,"extension":"png","width":1748,"height":2480,"filesize":44100,"sizes":{"medium":{"width":211,"height":300,"mime-type":"image\/png","filesize":12716,"url":"https:\/\/bibliovaud.ch\/wp-content\/uploads\/BiblioVevey-programme-2026-V040-211x300.png"},"thumbnail":{"width":100,"height":100,"mime-type":"image\/png","filesize":5052,"url":"https:\/\/bibliovaud.ch\/wp-content\/uploads\/BiblioVevey-programme-2026-V040-100x100.png"},"medium_large":{"width":768,"height":1090,"mime-type":"image\/png","filesize":51676,"url":"https:\/\/bibliovaud.ch\/wp-content\/uploads\/BiblioVevey-programme-2026-V040-768x1090.png"},"post-theming-row-1":{"width":170,"height":170,"mime-type":"image\/png","filesize":8863,"url":"https:\/\/bibliovaud.ch\/wp-content\/uploads\/BiblioVevey-programme-2026-V040-170x170.png"},"1536x1536":{"width":1083,"height":1536,"mime-type":"image\/png","filesize":76618,"url":"https:\/\/bibliovaud.ch\/wp-content\/uploads\/BiblioVevey-programme-2026-V040-1083x1536.png"},"2048x2048":{"width":1444,"height":2048,"mime-type":"image\/png","filesize":107641,"url":"https:\/\/bibliovaud.ch\/wp-content\/uploads\/BiblioVevey-programme-2026-V040-1444x2048.png"},"post-thumbnail":{"width":1200,"height":1703,"mime-type":"image\/png","filesize":85560,"url":"https:\/\/bibliovaud.ch\/wp-content\/uploads\/BiblioVevey-programme-2026-V040-1200x1703.png"}}},"all_day":false,"start_date":"2026-06-20 10:00:00","start_date_details":{"year":"2026","month":"06","day":"20","hour":"10","minutes":"00","seconds":"00"},"end_date":"2026-06-20 13:00:00","end_date_details":{"year":"2026","month":"06","day":"20","hour":"13","minutes":"00","seconds":"00"},"utc_start_date":"2026-06-20 08:00:00","utc_start_date_details":{"year":"2026","month":"06","day":"20","hour":"08","minutes":"00","seconds":"00"},"utc_end_date":"2026-06-20 11:00:00","utc_end_date_details":{"year":"2026","month":"06","day":"20","hour":"11","minutes":"00","seconds":"00"},"timezone":"Europe\/Zurich","timezone_abbr":"CEST","cost":"Gratuit","cost_details":{"currency_symbol":"0","currency_code":"USD","currency_position":"prefix","values":["0"]},"website":"https:\/\/biblio.vevey.ch\/Default\/doc\/CALENDAR\/298\/mois-des-fiertes","show_map":false,"show_map_link":true,"hide_from_listings":false,"sticky":false,"featured":false,"categories":[{"name":"Rencontre","slug":"rencontre","term_group":0,"term_taxonomy_id":521,"taxonomy":"tribe_events_cat","description":"","parent":0,"count":21,"filter":"raw","id":520,"urls":{"self":"https:\/\/bibliovaud.ch\/index.php?rest_route=\/tribe\/events\/v1\/categories\/520","collection":"https:\/\/bibliovaud.ch\/index.php?rest_route=\/tribe\/events\/v1\/categories"}}],"tags":[],"venue":{"id":16349,"author":"10","status":"publish","date":"2026-01-22 15:58:44","date_utc":"2026-01-22 14:58:44","modified":"2026-01-22 15:58:44","modified_utc":"2026-01-22 14:58:44","url":"https:\/\/bibliovaud.ch\/?tribe_venue=place-du-marche","venue":"Place du march\u00e9","description":"<div class=\"post-theming-cleared\"> <\/div>","excerpt":"<div class=\"post-theming-cleared\"> <\/div>","slug":"place-du-marche","city":"Vevey","json_ld":{"@type":"Place","name":"Place du march\u00e9","description":"","url":"","address":{"@type":"PostalAddress","addressLocality":"Vevey"},"telephone":"","sameAs":""},"show_map":true,"show_map_link":true,"global_id":"bibliovaud.ch?id=16349","global_id_lineage":["bibliovaud.ch?id=16349"]},"organizer":[{"id":13349,"author":"10","status":"publish","date":"2021-01-12 16:01:29","date_utc":"2021-01-12 15:01:29","modified":"2021-01-12 16:01:29","modified_utc":"2021-01-12 15:01:29","url":"https:\/\/bibliovaud.ch\/?tribe_organizer=bibliotheque-municipale-de-vevey","organizer":"Biblioth\u00e8que municipale de Vevey","description":"<div class=\"post-theming-cleared\"> <\/div>","excerpt":"<div class=\"post-theming-cleared\"> <\/div>","slug":"bibliotheque-municipale-de-vevey","phone":"021 925 59 60","website":"biblio.vevey.ch","email":"biblio@vevey.ch","json_ld":{"@type":"Person","name":"Biblioth\u00e8que municipale de Vevey","description":"","url":"http:\/\/biblio.vevey.ch","telephone":"021 925 59 60","email":"&#98;&#105;b&#108;i&#111;&#64;&#118;evey&#46;ch","sameAs":"http:\/\/biblio.vevey.ch"},"global_id":"bibliovaud.ch?id=13349","global_id_lineage":["bibliovaud.ch?id=13349"]}],"custom_fields":[],"json_ld":{"@context":"http:\/\/schema.org","@type":"Event","name":"Mois des fiert\u00e9s","description":"&lt;p&gt;Rendez-vous \u00e0 la Place du March\u00e9 La Biblio s\\'associe \u00e0 nouveau au Service de la coh\u00e9sion sociale de la Ville de Vevey et \u00e0 Voqueer pour vous proposer un stand &hellip; &lt;a href=&quot;https:\/\/bibliovaud.ch\/?tribe_events=mois-des-fiertes&quot; class=&quot;more-link&quot;&gt;Continuer la lecture&lt;span class=&quot;screen-reader-text&quot;&gt; de &laquo;&nbsp;Mois des fiert\u00e9s&nbsp;&raquo;&lt;\/span&gt;&lt;\/a&gt;&lt;\/p&gt;\\n","image":"https:\/\/bibliovaud.ch\/wp-content\/uploads\/BiblioVevey-programme-2026-V040.png","url":"https:\/\/bibliovaud.ch\/?tribe_events=mois-des-fiertes","eventAttendanceMode":"https:\/\/schema.org\/OfflineEventAttendanceMode","eventStatus":"https:\/\/schema.org\/EventScheduled","startDate":"2026-06-20T10:00:00+02:00","endDate":"2026-06-20T13:00:00+02:00","location":{"@type":"Place","name":"Place du march\u00e9","description":"","url":"","address":{"@type":"PostalAddress","addressLocality":"Vevey"},"telephone":"","sameAs":""},"organizer":{"@type":"Person","name":"Biblioth\u00e8que municipale de Vevey","description":"","url":"http:\/\/biblio.vevey.ch","telephone":"021 925 59 60","email":"bib&#108;io&#64;veve&#121;.&#99;h","sameAs":"http:\/\/biblio.vevey.ch"},"offers":{"@type":"Offer","price":"0","priceCurrency":"USD","url":"https:\/\/bibliovaud.ch\/?tribe_events=mois-des-fiertes","category":"primary","availability":"inStock","validFrom":"1970-01-01T00:00:00+00:00"},"performer":"Organization"}}