{"id":16366,"global_id":"bibliovaud.ch?id=16366","global_id_lineage":["bibliovaud.ch?id=16366"],"author":"10","status":"publish","date":"2026-01-30 12:50:40","date_utc":"2026-01-30 11:50:40","modified":"2026-01-30 12:53:36","modified_utc":"2026-01-30 11:53:36","url":"https:\/\/bibliovaud.ch\/?tribe_events=en-marge-special-prix-du-livre-de-la-ville-de-lausanne","rest_url":"https:\/\/bibliovaud.ch\/index.php?rest_route=\/tribe\/events\/v1\/events\/16366","title":"En marge &#8211; Sp\u00e9cial Prix du livre de la Ville de Lausanne","description":"Sp\u00e9cial Prix du livre de la Ville de Lausanne avec Fanny Meyer\nUne soir\u00e9e d&#8217;En marge traditionnelle qui se terminera par la pr\u00e9sentation de Fanny Meyer, D\u00e9l\u00e9gu\u00e9e \u00e0 la Politique du livre, qui vous fera d\u00e9couvrir la s\u00e9lection 2026 du Prix du livre de Lausanne.\n<div class=\"post-theming-cleared\"> <\/div>","excerpt":"<div class=\"post-theming-cleared\"> <\/div>","slug":"en-marge-special-prix-du-livre-de-la-ville-de-lausanne","image":{"url":"https:\/\/bibliovaud.ch\/wp-content\/uploads\/BiblioVevey-programme-2026-V080.png","id":16276,"extension":"png","width":1748,"height":2480,"filesize":25240,"sizes":{"medium":{"width":211,"height":300,"mime-type":"image\/png","filesize":3887,"url":"https:\/\/bibliovaud.ch\/wp-content\/uploads\/BiblioVevey-programme-2026-V080-211x300.png"},"thumbnail":{"width":100,"height":100,"mime-type":"image\/png","filesize":1619,"url":"https:\/\/bibliovaud.ch\/wp-content\/uploads\/BiblioVevey-programme-2026-V080-100x100.png"},"medium_large":{"width":768,"height":1090,"mime-type":"image\/png","filesize":16844,"url":"https:\/\/bibliovaud.ch\/wp-content\/uploads\/BiblioVevey-programme-2026-V080-768x1090.png"},"post-theming-row-1":{"width":170,"height":170,"mime-type":"image\/png","filesize":2901,"url":"https:\/\/bibliovaud.ch\/wp-content\/uploads\/BiblioVevey-programme-2026-V080-170x170.png"},"1536x1536":{"width":1083,"height":1536,"mime-type":"image\/png","filesize":26083,"url":"https:\/\/bibliovaud.ch\/wp-content\/uploads\/BiblioVevey-programme-2026-V080-1083x1536.png"},"2048x2048":{"width":1444,"height":2048,"mime-type":"image\/png","filesize":34949,"url":"https:\/\/bibliovaud.ch\/wp-content\/uploads\/BiblioVevey-programme-2026-V080-1444x2048.png"},"post-thumbnail":{"width":1200,"height":1703,"mime-type":"image\/png","filesize":28616,"url":"https:\/\/bibliovaud.ch\/wp-content\/uploads\/BiblioVevey-programme-2026-V080-1200x1703.png"}}},"all_day":false,"start_date":"2026-09-03 18:30:00","start_date_details":{"year":"2026","month":"09","day":"03","hour":"18","minutes":"30","seconds":"00"},"end_date":"2026-09-03 20:00:00","end_date_details":{"year":"2026","month":"09","day":"03","hour":"20","minutes":"00","seconds":"00"},"utc_start_date":"2026-09-03 16:30:00","utc_start_date_details":{"year":"2026","month":"09","day":"03","hour":"16","minutes":"30","seconds":"00"},"utc_end_date":"2026-09-03 18:00:00","utc_end_date_details":{"year":"2026","month":"09","day":"03","hour":"18","minutes":"00","seconds":"00"},"timezone":"Europe\/Zurich","timezone_abbr":"CEST","cost":"Gratuit","cost_details":{"currency_symbol":"","currency_code":"USD","currency_position":"prefix","values":["0"]},"website":"https:\/\/biblio.vevey.ch\/Default\/doc\/CALENDAR\/306\/en-marge-special-prix-du-livre","show_map":false,"show_map_link":true,"hide_from_listings":false,"sticky":false,"featured":false,"categories":[{"name":"Club de culture","slug":"club-de-culture","term_group":0,"term_taxonomy_id":370,"taxonomy":"tribe_events_cat","description":"","parent":0,"count":65,"filter":"raw","id":369,"urls":{"self":"https:\/\/bibliovaud.ch\/index.php?rest_route=\/tribe\/events\/v1\/categories\/369","collection":"https:\/\/bibliovaud.ch\/index.php?rest_route=\/tribe\/events\/v1\/categories"}}],"tags":[],"venue":{"id":6679,"author":"10","status":"publish","date":"2018-12-11 14:31:09","date_utc":"2018-12-11 13:31:09","modified":"2018-12-11 14:31:09","modified_utc":"2018-12-11 13:31:09","url":"https:\/\/bibliovaud.ch\/?tribe_venue=bibliotheque-municipale-de-vevey","venue":"Biblioth\u00e8que municipale de Vevey","description":"<div class=\"post-theming-cleared\"> <\/div>","excerpt":"<div class=\"post-theming-cleared\"> <\/div>","slug":"bibliotheque-municipale-de-vevey","address":"Quai Perdonnet 33","city":"Vevey","country":"Suisse","zip":"1800","phone":"021 925 59 60","website":"http:\/\/biblio.vevey.ch","json_ld":{"@type":"Place","name":"Biblioth\u00e8que municipale de Vevey","description":"","url":"","address":{"@type":"PostalAddress","streetAddress":"Quai Perdonnet 33","addressLocality":"Vevey","postalCode":"1800","addressCountry":"Suisse"},"telephone":"021 925 59 60","sameAs":"http:\/\/biblio.vevey.ch"},"show_map":true,"show_map_link":true,"global_id":"bibliovaud.ch?id=6679","global_id_lineage":["bibliovaud.ch?id=6679"]},"organizer":[{"id":13349,"author":"10","status":"publish","date":"2021-01-12 16:01:29","date_utc":"2021-01-12 15:01:29","modified":"2021-01-12 16:01:29","modified_utc":"2021-01-12 15:01:29","url":"https:\/\/bibliovaud.ch\/?tribe_organizer=bibliotheque-municipale-de-vevey","organizer":"Biblioth\u00e8que municipale de Vevey","description":"<div class=\"post-theming-cleared\"> <\/div>","excerpt":"<div class=\"post-theming-cleared\"> <\/div>","slug":"bibliotheque-municipale-de-vevey","phone":"021 925 59 60","website":"biblio.vevey.ch","email":"biblio@vevey.ch","json_ld":{"@type":"Person","name":"Biblioth\u00e8que municipale de Vevey","description":"","url":"http:\/\/biblio.vevey.ch","telephone":"021 925 59 60","email":"bib&#108;i&#111;&#64;v&#101;&#118;ey&#46;ch","sameAs":"http:\/\/biblio.vevey.ch"},"global_id":"bibliovaud.ch?id=13349","global_id_lineage":["bibliovaud.ch?id=13349"]}],"custom_fields":[],"json_ld":{"@context":"http:\/\/schema.org","@type":"Event","name":"En marge &#8211; Sp\u00e9cial Prix du livre de la Ville de Lausanne","description":"&lt;p&gt;Sp\u00e9cial Prix du livre de la Ville de Lausanne avec Fanny Meyer Une soir\u00e9e d\\'En marge traditionnelle qui se terminera par la pr\u00e9sentation de Fanny Meyer, D\u00e9l\u00e9gu\u00e9e \u00e0 la Politique &hellip; &lt;a href=&quot;https:\/\/bibliovaud.ch\/?tribe_events=en-marge-special-prix-du-livre-de-la-ville-de-lausanne&quot; class=&quot;more-link&quot;&gt;Continuer la lecture&lt;span class=&quot;screen-reader-text&quot;&gt; de &laquo;&nbsp;En marge &#8211; Sp\u00e9cial Prix du livre de la Ville de Lausanne&nbsp;&raquo;&lt;\/span&gt;&lt;\/a&gt;&lt;\/p&gt;\\n","image":"https:\/\/bibliovaud.ch\/wp-content\/uploads\/BiblioVevey-programme-2026-V080.png","url":"https:\/\/bibliovaud.ch\/?tribe_events=en-marge-special-prix-du-livre-de-la-ville-de-lausanne","eventAttendanceMode":"https:\/\/schema.org\/OfflineEventAttendanceMode","eventStatus":"https:\/\/schema.org\/EventScheduled","startDate":"2026-09-03T18:30:00+02:00","endDate":"2026-09-03T20:00:00+02:00","location":{"@type":"Place","name":"Biblioth\u00e8que municipale de Vevey","description":"","url":"","address":{"@type":"PostalAddress","streetAddress":"Quai Perdonnet 33","addressLocality":"Vevey","postalCode":"1800","addressCountry":"Suisse"},"telephone":"021 925 59 60","sameAs":"http:\/\/biblio.vevey.ch"},"organizer":{"@type":"Person","name":"Biblioth\u00e8que municipale de Vevey","description":"","url":"http:\/\/biblio.vevey.ch","telephone":"021 925 59 60","email":"b&#105;&#98;lio&#64;vev&#101;y&#46;ch","sameAs":"http:\/\/biblio.vevey.ch"},"offers":{"@type":"Offer","price":"0","priceCurrency":"USD","url":"https:\/\/bibliovaud.ch\/?tribe_events=en-marge-special-prix-du-livre-de-la-ville-de-lausanne","category":"primary","availability":"inStock","validFrom":"1970-01-01T00:00:00+00:00"},"performer":"Organization"}}